{"id":36011,"date":"2024-02-07T17:19:46","date_gmt":"2024-02-07T16:19:46","guid":{"rendered":"https:\/\/tvsensor.com\/?p=36011"},"modified":"2024-02-07T19:14:29","modified_gmt":"2024-02-07T18:14:29","slug":"kada-pola-vijeka-ucis-druge-sta-je-to-biti-civilizovan","status":"publish","type":"post","link":"https:\/\/tvsensor.com\/clanak\/kada-pola-vijeka-ucis-druge-sta-je-to-biti-civilizovan\/","title":{"rendered":"Kada pola vijeka u\u010di\u0161 druge \u0161ta je to biti civilizovan"},"content":{"rendered":"\n<p>Pi\u0161e: NISAD SELIMOVI\u0106<br><br>PRED NAMA JE JEDNO VEOMA OBIMNO, ALI I BITNO \u0160TIVO. DA KRENEMO OD PO\u010cETKA &#8211; KAKO STE DO\u0160LI NA IDEJU DA NA JEDNOM MJESTU OBJEDINITE \u010cINJENICE O \u017dIVOTU I DJELU GRADIMIRA GOJERA<\/p>\n\n\n\n<p>&#8211; Ono \u0161to nedostaje dru\u0161tvima na Zapadnom Balkanu, pa i Bosni i Hercegovini, jeste kultura se\u0107anja. Ve\u0107ina ljudi koji uop\u0161te misle, a nema ih mnogo, na neki \u010dudan na\u010din misli da od njih po\u010dinje svet i da su jedino oni, kao pojedinci, va\u017eni. To je necivilizovano, \u0161to je eufemizam za primitivno. Me\u0111u takvima radni vek u Sarajevu proveo je \u010dovek koji je pola veka poku\u0161avao da nau\u010di i svoje studente i svoje saradnike, \u010dak i li\u010dnim primerom, da je kultura se\u0107anja osnov za svaku dalju nadgradnju. Taj samozatajni \u010dovek, pesnik, knji\u017eevnik, pozori\u0161ni reditelj, dru\u0161tveni i javni radnik Gradimir Gojer bio je inspiracija pre petnaest godina velikom knji\u017eevnom i teatarskom kriti\u010daru Vojislavu Vujanovi\u0107u da objavi knjigu \u201cLjubi\u010dasti notturno\u201d, u kojoj je sakupio svoje brojne kritike i prikaze umetnikovog stvarala\u0161tva uz veoma precizne i ta\u010dne opservacije o njemu.<br><br><\/p>\n\n\n\n<figure class=\"wp-block-image size-full\"><img loading=\"lazy\" decoding=\"async\" width=\"900\" height=\"1600\" src=\"https:\/\/tvsensor.com\/wp-content\/uploads\/2024\/02\/0-02-05-14367408083088d511754c2a0674385e4b223485ce5657d5374ea8cdce1dffbf_1c6db84e219a9c.jpg\" alt=\"\" class=\"wp-image-36012\" srcset=\"https:\/\/tvsensor.com\/wp-content\/uploads\/2024\/02\/0-02-05-14367408083088d511754c2a0674385e4b223485ce5657d5374ea8cdce1dffbf_1c6db84e219a9c.jpg 900w, https:\/\/tvsensor.com\/wp-content\/uploads\/2024\/02\/0-02-05-14367408083088d511754c2a0674385e4b223485ce5657d5374ea8cdce1dffbf_1c6db84e219a9c-84x150.jpg 84w, https:\/\/tvsensor.com\/wp-content\/uploads\/2024\/02\/0-02-05-14367408083088d511754c2a0674385e4b223485ce5657d5374ea8cdce1dffbf_1c6db84e219a9c-768x1365.jpg 768w, https:\/\/tvsensor.com\/wp-content\/uploads\/2024\/02\/0-02-05-14367408083088d511754c2a0674385e4b223485ce5657d5374ea8cdce1dffbf_1c6db84e219a9c-864x1536.jpg 864w, https:\/\/tvsensor.com\/wp-content\/uploads\/2024\/02\/0-02-05-14367408083088d511754c2a0674385e4b223485ce5657d5374ea8cdce1dffbf_1c6db84e219a9c-150x267.jpg 150w, https:\/\/tvsensor.com\/wp-content\/uploads\/2024\/02\/0-02-05-14367408083088d511754c2a0674385e4b223485ce5657d5374ea8cdce1dffbf_1c6db84e219a9c-300x533.jpg 300w, https:\/\/tvsensor.com\/wp-content\/uploads\/2024\/02\/0-02-05-14367408083088d511754c2a0674385e4b223485ce5657d5374ea8cdce1dffbf_1c6db84e219a9c-696x1237.jpg 696w\" sizes=\"auto, (max-width: 900px) 100vw, 900px\" \/><\/figure>\n\n\n\n<p>Dru\u017ee\u0107i se sa Gojerom, prepoznala sam \u0161irinu pogleda i dubinu poetike koja je isijavala iz njegovih rediteljskih kreacija, kao i ozbiljnu potrebu za sagledavanjem njegovog \u017eivotnog dela i to dok je \u017eiv, dok mo\u017ee sam da d\u00e2 odgovore na mnoga pitanja i osvetli motive i svoj rad onako kako mnogi naknadni tuma\u010di njegovog stvarala\u0161tva to ne bi mogli sagledati.<\/p>\n\n\n\n<p>ORIJENTIR GENERACIJAMA<\/p>\n\n\n\n<p>Punih osam godina radila sam na knjizi \u010diji sam naslov od prve pomisli znala: \u201cGalaksija Gojer &#8211; stazama poezije i teatra\u201d. Dakle, samo sam tragom ideje kulture se\u0107anja u\u010dinila taj neophodni napor i dobila \u017eeljeni rezultat: knjigu koja ostaje budu\u0107im generacijama za nauk i orijentir.<\/p>\n\n\n\n<p>MO\u017dETE LI NA\u0160IM \u010cITAOCIMA PRIBLI\u017dITI KONCEPT KNJIGE ODNOSNO \u0160TA SVE I NA KAKAV NA\u010cIN MO\u017dEMO U NJOJ PRO\u010cITATI?<\/p>\n\n\n\n<p>&#8211; \u010citalac \u0107e imati nekoliko slojeva u kojima \u0107e mo\u0107i da prati razvojni put umetnika: od njegove autenti\u010dne pri\u010de o detinjstvu, interesovanjima i inspiracijama, preko mladosti protkane mnogim izazovima, u\u010diteljima i njihovom uticaju, do godina obele\u017eenih ratom i buntom duhovnog otpora, zatim pora\u0107u i zreloj kreativnosti na svim poljima koja i danas, nakon pola veka, zadr\u017eava svoju impulsivnu energiju i time osvaja prostor za dalje stvarala\u0161tvo. U knjizi se mo\u017ee na\u0107i puno detalja o drugim ljudima koji su svojim osobinama uticali na umetnika i njegovo stvarala\u0161tvo, o u\u010diteljima i sledbenicima, o slu\u010dajnim susretima koji se urezuju u pam\u0107enje samo detaljem ili izgovorenom re\u010dju.<\/p>\n\n\n\n<p>Umetnikov stvarala\u010dki rad je sistematizovan po oblastima i lako se mo\u017ee pratiti. Na odre\u0111enim mestima zainteresovani \u0107e na\u0107i moja razmi\u0161ljanja o stvarala\u0161tvu umetnika u fazama u kojima sam bila svedok ili diskretni u\u010desnik. Nesvakida\u0161nji opus sa preko \u0161ezdeset pet objavljenih knjiga i sto trideset pozori\u0161nih re\u017eija ostavlja prostor za najraznovrsnija i\u0161\u010ditavanja, kao i dalja istra\u017eivanja.<br><br><\/p>\n\n\n\n<p>OD KADA SE\u017dE VA\u0160E PRIJATELJEVANJE SA NA\u0160IM UGLEDNIM REDITELJEM?<\/p>\n\n\n\n<ul class=\"wp-block-list\">\n<li>Poznajemo se vi\u0161e od dvadeset godina, a ova knjiga rezultat je decenijskog prijateljstva u kojima sam bila urednik njegovih dvadeset poslednjih objavljenih knjiga i saradnik na nekoliko poslednjih pozori\u0161nih re\u017eija.<\/li>\n<\/ul>\n\n\n\n<p>DA LI JE SAM GOJER BIO DOVOLJNO SUSRETLJIV PRI VA\u0160EM \u201cISPITIVANJU\u201d I KOLIKO JE UOP\u0160TE BIO SPREMAN NA OBJAVU SVOJE SVOJEVRSNE BIOGRAFIJE?<\/p>\n\n\n\n<ul class=\"wp-block-list\">\n<li>Gradimir Gojer je veoma popularan, naro\u010dito u Bosni i Hercegovini, ali i \u0161irom Jugoslavije. Mnogi ljudi ga sa rado\u0161\u0107u sre\u0107u na ulicama, citiraju i raduju se njegovom umetni\u010dkom dosegu. I misle da ga poznaju, sve dok se i oni koji su mu na neki na\u010din najbli\u017ei ne suo\u010de sa ovom knjigom. Tada tek razumeju koliko su znali samo za deli\u0107 njegovog ogromnog opusa.<\/li>\n<\/ul>\n\n\n\n<figure class=\"wp-block-image size-full\"><img loading=\"lazy\" decoding=\"async\" width=\"683\" height=\"870\" src=\"https:\/\/tvsensor.com\/wp-content\/uploads\/2024\/02\/6733994.jpg\" alt=\"sve\" class=\"wp-image-36030\" srcset=\"https:\/\/tvsensor.com\/wp-content\/uploads\/2024\/02\/6733994.jpg 683w, https:\/\/tvsensor.com\/wp-content\/uploads\/2024\/02\/6733994-118x150.jpg 118w, https:\/\/tvsensor.com\/wp-content\/uploads\/2024\/02\/6733994-150x191.jpg 150w, https:\/\/tvsensor.com\/wp-content\/uploads\/2024\/02\/6733994-300x382.jpg 300w\" sizes=\"auto, (max-width: 683px) 100vw, 683px\" \/><\/figure>\n\n\n\n<p><\/p>\n\n\n\n<p>Jesam izabrala razgovor kao na\u010din da napi\u0161em \u201cGalaksiju Gojer\u201d, \u0161to jeste iziskivalo mnogo pitanja koja sam morala postaviti Gojeru, koji je ina\u010de veoma zakop\u010dan, naro\u010dito kada je u pitanju njegova intima. Morala sam ispitivati, a on je govorio koliko je mislio da mi je dovoljno. Ponekad sam ga vra\u0107ala na neke teme, a samo u jednom je ostao \u010dvrst, bez odgovora, na \u0161ta ima potpuno pravo. Kada vratim film, bio je ustvari veoma predusretljiv iako mi se \u010dini da je tek nakon zavr\u0161etka knjige postao svestan koliko duboko sam zaorala kroz njegov \u017eivot i rad.<\/p>\n\n\n\n<p>DA LI JE BILO TE\u0160KO, DA NE KA\u017dEM STRESNO, USUDITI SE NA TAKAV PODUHVAT?<\/p>\n\n\n\n<ul class=\"wp-block-list\">\n<li>Bilo je i te\u0161ko, a na momente i stresno, naro\u010dito pri dono\u0161enju odluke da se otisnem tim putem i u\u0111em u beskona\u010dni lavirint umetnikovih ideja, estetskih, ali i eti\u010dkih odrednica. Imala sam strepnju da li \u0107u uspeti da savladam tu neiscrpnu umetni\u010dku energiju, jesam li odabrala pravi na\u010din da joj pri\u0111em i poku\u0161am da je osvetlim. Sa istom zebnjom sam po\u010dinjala rad na knjizi i posle osam godina \u010dekala mi\u0161ljenje velikih eksperata pisane re\u010di koji su napisali recenziju, objavljenu u obliku predgovora i pogovora knjizi: Gorana Sari\u0107a, pesnika i prevodioca i Esada Ko\u010dana, filozofa, knji\u017eevnika i novinara.<\/li>\n<\/ul>\n\n\n\n<p>PROMOCIJA U SARAJEVU<br>Sada, kada je \u201cGalaksija Gojer\u201d ugledala svetlost dana, kona\u010dan sud \u0107e dati \u010ditaoci, a vreme \u0107e pokazati jesam li bila na pravom putu.<\/p>\n\n\n\n<p>BEOGRADSKA PROMOCIJA JE VE\u0106 ODR\u017dANA. DA LI STE PLANIRALI PROMOCIJU U SARAJEVU I KADA?<\/p>\n\n\n\n<ul class=\"wp-block-list\">\n<li>Beogradska promocija je bila vrlo uspje\u0161na. Pred uglednom beogradskom publikom o knjizi su govorii akademik Pero Zubac i pozori\u0161ni kriti\u010dar Goran Cvetkovi\u0107, a promociju u Sarajevu verovatno \u0107u organizovati na prole\u0107e ako mi zdravlje to dozvoli.<\/li>\n<\/ul>\n\n\n\n<p>IZDAVANJE KNJIGE UVIJEK JE PODUHVAT, POSEBNO SA FINANSIJSKOG ASPEKTA. KOLIKO JE BILO TE\u0160KO PRODUCIRATI OVO OBIMNO IZDANJE?<\/p>\n\n\n\n<ul class=\"wp-block-list\">\n<li>Nijedan izdava\u010dki poduhvat danas nije lak ako uzmemo u obzir sve te\u017ei polo\u017eaj knjige na Balkanu i bitku koju ona gubi pred \u0161undom, ki\u010dem, rialitijima, pred op\u0161tom nekulturom i nepismeno\u0161\u0107u i, opet se vra\u0107am na po\u010detak razgovora, sa primitivizmom.<\/li>\n<\/ul>\n\n\n\n<p>\u201cGalaksija Gojer\u201d \u0161tampana je u bibliofilskom izdanju samo u sto primeraka koji su ru\u010dno ozna\u010deni i potpisani od autora. To je knjiga za one koji znaju \u0161ta je knjiga i koji je jo\u0161 cene. \u017divot i stvarala\u0161tvo velikog umetnika samo takvu knjigu zaslu\u017euje. Vreme, koje je najbolji sudija, to \u0107e i potvrditi, sigurna sam.<\/p>\n\n\n\n<p><br>Izvor: Oslobo\u0111enje<\/p>\n","protected":false},"excerpt":{"rendered":"<p>Pi\u0161e: NISAD SELIMOVI\u0106 PRED NAMA JE JEDNO VEOMA OBIMNO, ALI I BITNO \u0160TIVO. DA KRENEMO OD PO\u010cETKA &#8211; KAKO STE DO\u0160LI NA IDEJU DA NA JEDNOM MJESTU OBJEDINITE \u010cINJENICE O \u017dIVOTU I DJELU GRADIMIRA GOJERA &#8211; Ono \u0161to nedostaje dru\u0161tvima na Zapadnom Balkanu, pa i Bosni i Hercegovini, jeste kultura se\u0107anja. Ve\u0107ina ljudi koji uop\u0161te [&hellip;]<\/p>\n","protected":false},"author":59,"featured_media":36013,"comment_status":"open","ping_status":"open","sticky":false,"template":"","format":"standard","meta":{"inline_featured_image":false,"footnotes":""},"categories":[43,376,46,53,38],"tags":[],"class_list":{"0":"post-36011","1":"post","2":"type-post","3":"status-publish","4":"format-standard","5":"has-post-thumbnail","7":"category-bih","8":"category-featured","9":"category-kultura","10":"category-magazin","11":"category-vijesti-iz-bih"},"acf":[],"_links":{"self":[{"href":"https:\/\/tvsensor.com\/api\/wp\/v2\/posts\/36011","targetHints":{"allow":["GET"]}}],"collection":[{"href":"https:\/\/tvsensor.com\/api\/wp\/v2\/posts"}],"about":[{"href":"https:\/\/tvsensor.com\/api\/wp\/v2\/types\/post"}],"author":[{"embeddable":true,"href":"https:\/\/tvsensor.com\/api\/wp\/v2\/users\/59"}],"replies":[{"embeddable":true,"href":"https:\/\/tvsensor.com\/api\/wp\/v2\/comments?post=36011"}],"version-history":[{"count":16,"href":"https:\/\/tvsensor.com\/api\/wp\/v2\/posts\/36011\/revisions"}],"predecessor-version":[{"id":36034,"href":"https:\/\/tvsensor.com\/api\/wp\/v2\/posts\/36011\/revisions\/36034"}],"wp:featuredmedia":[{"embeddable":true,"href":"https:\/\/tvsensor.com\/api\/wp\/v2\/media\/36013"}],"wp:attachment":[{"href":"https:\/\/tvsensor.com\/api\/wp\/v2\/media?parent=36011"}],"wp:term":[{"taxonomy":"category","embeddable":true,"href":"https:\/\/tvsensor.com\/api\/wp\/v2\/categories?post=36011"},{"taxonomy":"post_tag","embeddable":true,"href":"https:\/\/tvsensor.com\/api\/wp\/v2\/tags?post=36011"}],"curies":[{"name":"wp","href":"https:\/\/api.w.org\/{rel}","templated":true}]}}