{"id":36000,"date":"2024-02-06T10:19:37","date_gmt":"2024-02-06T09:19:37","guid":{"rendered":"https:\/\/tvsensor.com\/?p=36000"},"modified":"2024-02-06T10:19:39","modified_gmt":"2024-02-06T09:19:39","slug":"u-vijecnici-uprilicena-premijera-filma-autora-avde-huseinovica-agresija-na-istinu","status":"publish","type":"post","link":"https:\/\/tvsensor.com\/clanak\/u-vijecnici-uprilicena-premijera-filma-autora-avde-huseinovica-agresija-na-istinu\/","title":{"rendered":"U Vije\u0107nici uprili\u010dena premijera filma autora Avde Huseinovi\u0107a  &#8216;Agresija na istinu&#8217;"},"content":{"rendered":"\n<p>Pred velikim odzivom doma\u0107ih i stranih zvani\u010dnika, udru\u017eenja boraca i \u017ertava rata, te predstavnika vjerskih zajednica, ve\u010deras je u sarajevskoj Vije\u0107nici premijerno prikazan film &#8220;Agresija na istinu\u201c Avde Huseinovi\u0107a.<\/p>\n\n\n\n<p>Ovo je prvi istra\u017eiva\u010dki dokumentarni film kojim se, kako je rekao autor u izjavi za medije, &#8220;suprotstavljamo velikoj armiji negatora genocida i drugih oblika zlo\u010dina&#8221;.<\/p>\n\n\n\n<p>Ve\u0107 decenijama se odgovornost za masakr na pijaci Markale negira i la\u017eira, a zlo\u010dinci se poku\u0161avaju predstaviti kao \u017ertve. Zato \u0107e slike ovog velikog zlo\u010dina ostati trajna hipoteka izvr\u0161iocima zlo\u010dina. Tako\u0111er, u filmu otkrivam na koji na\u010din su Vlada Republike Srpske i Srbija milionskim iznosima finansirale projekte negiranja i falsifikovanja historijskih \u010dinjenica, za koje postoje pravosna\u017ene presude Me\u0111unarodnog krivi\u010dnog suda za biv\u0161u Jugoslaviju u Hagu i doma\u0107ih sudova &#8211; kazao je Huseinovi\u0107.<\/p>\n\n\n\n<p>Dodao je da je film prikazan na dana\u0161nji dan jer je ta\u010dno prije 30 godina po\u010dinjen masakr na Markalama, kojeg su izvr\u0161ili artiljerci Sarajevsko-romanijskog korpusa Vojske RS.<\/p>\n\n\n\n<figure class=\"wp-block-image size-large\"><img loading=\"lazy\" decoding=\"async\" width=\"1800\" height=\"1013\" src=\"https:\/\/tvsensor.com\/wp-content\/uploads\/2024\/02\/20240205_200539-1800x1013.jpg\" alt=\"\" class=\"wp-image-36003\" srcset=\"https:\/\/tvsensor.com\/wp-content\/uploads\/2024\/02\/20240205_200539-1800x1013.jpg 1800w, https:\/\/tvsensor.com\/wp-content\/uploads\/2024\/02\/20240205_200539-2000x1126.jpg 2000w, https:\/\/tvsensor.com\/wp-content\/uploads\/2024\/02\/20240205_200539-150x84.jpg 150w, https:\/\/tvsensor.com\/wp-content\/uploads\/2024\/02\/20240205_200539-768x432.jpg 768w, https:\/\/tvsensor.com\/wp-content\/uploads\/2024\/02\/20240205_200539-1536x865.jpg 1536w, https:\/\/tvsensor.com\/wp-content\/uploads\/2024\/02\/20240205_200539-2048x1153.jpg 2048w, https:\/\/tvsensor.com\/wp-content\/uploads\/2024\/02\/20240205_200539-300x169.jpg 300w, https:\/\/tvsensor.com\/wp-content\/uploads\/2024\/02\/20240205_200539-696x392.jpg 696w, https:\/\/tvsensor.com\/wp-content\/uploads\/2024\/02\/20240205_200539-1068x601.jpg 1068w, https:\/\/tvsensor.com\/wp-content\/uploads\/2024\/02\/20240205_200539-1920x1081.jpg 1920w\" sizes=\"auto, (max-width: 1800px) 100vw, 1800px\" \/><\/figure>\n\n\n\n<p>Ve\u010dera\u0161nja premijera realizovana je uz generalno pokroviteljstvo Grada Sarajeva, te je pred svim prisutnim gradona\u010delnica Benjamina Kari\u0107 uru\u010dila autoru filma zahvalnicu za doprinos o\u010duvanja kulture sje\u0107anja i dokumentacije historijski relevantnih \u010dinjenica koje su klju\u010dne za izgradnju odr\u017eivog mira i vladavine prava.<\/p>\n\n\n\n<p>Film &#8216;Agresija na istinu&#8217; upravo je zasnovan na utvr\u0111enim historijskim i dokumentovanim \u010dinjenicama pomo\u0107u kojih su rasvijetljeni zlo\u010dini po\u010dinjeni na podru\u010dju biv\u0161e Jugoslavije. Borba za istinom i pravdom je iscrpna i dugotrajna ali dose\u017ena. Istina i pravda su razlog za multietni\u010dku BiH, onakva kakva je uvijek bila, ponos svih nas i istinski susret razli\u010ditih civilizacija koje Evropu i danas \u010dine posebnom \u2013 naglasila je Kari\u0107.<\/p>\n\n\n\n<p>Realizaciju filma, izme\u0111u ostalih, je podr\u017eao predsjedavaju\u0107i Skup\u0161tine Kantona Sarajevo Elvedin Okeri\u0107 jer smatra &#8220;da nam je ovaj film odavno bio potreban&#8221;.<\/p>\n\n\n\n<p>Za istinu nikad nije kasno. Mi na ovome ne smijemo stati, ve\u0107 jo\u0161 aktivnije raditi i podr\u017eavati projekte koji rasvjetljavaju svaki segment na\u0161e historije iz perioda agresije. U filmu Avde Huseinovi\u0107a podsjetili smo se, da bi uzeli pouku i opomenu, da su zlo\u010dinci bili spremni ubijati nevine gra\u0111ane, djecu, ali da su jo\u0161 spremniji ubijati istinu. Svakodnevno se nastoji kreirati narativ da su \u017ertve krive \u0161to su ubijene. Zato je na\u0161a obaveza da osiguramo da projekti i aktivnosti koje se suprotstavljaju la\u017enom narativu ugledaju svjetlo dana \u2013 poru\u010dio je Okeri\u0107 predstavnicima izvr\u0161ne i zakonodavne vlasti u BiH, kao i predstavnicima diplomatskog kora.<\/p>\n\n\n\n<p>Me\u0111u njima je bio i potpredsjednik Federacije BiH Refik Lendo, koji je mi\u0161ljenja da je Avdo Huseinovi\u0107 pokazao kako jedan autor oblikuje historiju i prezentira je publici. Ka\u017ee da je film odli\u010dna podloga za istra\u017eivanje na\u010dina na koji mo\u017eemo promatrati historiju preko filmske (vizualne) umjetnosti, koja danas postaje sve zastupljenija.<\/p>\n\n\n\n<ul class=\"wp-block-list\">\n<li>Iz tog razloga ovaj film ostaje trajni dokument mladima za njihova prou\u010davanja zlo\u010dina tokom agresije na BiH. Mladi nikada ne smiju zaboraviti \u0161ta se desilo na ovim prostorima i zato trebaju zajedno raditi na izgradnji bolje dr\u017eave BiH \u2013 zaklju\u010dio je Lendo za Fenu.<\/li>\n<\/ul>\n\n\n\n<p>Premijeri filma prisustvovali su, izme\u0111u ostalih, i na\u010delnici op\u0107ina Stari Grad i Novo Sarajevo Irfan \u010cengi\u0107 i Hasan Tanovi\u0107, koji su tako\u0111er podr\u017eali realizaciju filma ra\u0111enog u produkciji Udru\u017eenja Pravda.<\/p>\n","protected":false},"excerpt":{"rendered":"<p>Pred velikim odzivom doma\u0107ih i stranih zvani\u010dnika, udru\u017eenja boraca i \u017ertava rata, te predstavnika vjerskih zajednica, ve\u010deras je u sarajevskoj Vije\u0107nici premijerno prikazan film &#8220;Agresija na istinu\u201c Avde Huseinovi\u0107a. Ovo je prvi istra\u017eiva\u010dki dokumentarni film kojim se, kako je rekao autor u izjavi za medije, &#8220;suprotstavljamo velikoj armiji negatora genocida i drugih oblika zlo\u010dina&#8221;. Ve\u0107 [&hellip;]<\/p>\n","protected":false},"author":59,"featured_media":36002,"comment_status":"open","ping_status":"open","sticky":false,"template":"","format":"standard","meta":{"inline_featured_image":false,"footnotes":""},"categories":[376,46,53,37,38],"tags":[],"class_list":{"0":"post-36000","1":"post","2":"type-post","3":"status-publish","4":"format-standard","5":"has-post-thumbnail","7":"category-featured","8":"category-kultura","9":"category-magazin","10":"category-vijesti","11":"category-vijesti-iz-bih"},"acf":[],"_links":{"self":[{"href":"https:\/\/tvsensor.com\/api\/wp\/v2\/posts\/36000","targetHints":{"allow":["GET"]}}],"collection":[{"href":"https:\/\/tvsensor.com\/api\/wp\/v2\/posts"}],"about":[{"href":"https:\/\/tvsensor.com\/api\/wp\/v2\/types\/post"}],"author":[{"embeddable":true,"href":"https:\/\/tvsensor.com\/api\/wp\/v2\/users\/59"}],"replies":[{"embeddable":true,"href":"https:\/\/tvsensor.com\/api\/wp\/v2\/comments?post=36000"}],"version-history":[{"count":1,"href":"https:\/\/tvsensor.com\/api\/wp\/v2\/posts\/36000\/revisions"}],"predecessor-version":[{"id":36004,"href":"https:\/\/tvsensor.com\/api\/wp\/v2\/posts\/36000\/revisions\/36004"}],"wp:featuredmedia":[{"embeddable":true,"href":"https:\/\/tvsensor.com\/api\/wp\/v2\/media\/36002"}],"wp:attachment":[{"href":"https:\/\/tvsensor.com\/api\/wp\/v2\/media?parent=36000"}],"wp:term":[{"taxonomy":"category","embeddable":true,"href":"https:\/\/tvsensor.com\/api\/wp\/v2\/categories?post=36000"},{"taxonomy":"post_tag","embeddable":true,"href":"https:\/\/tvsensor.com\/api\/wp\/v2\/tags?post=36000"}],"curies":[{"name":"wp","href":"https:\/\/api.w.org\/{rel}","templated":true}]}}