{"id":35956,"date":"2024-01-29T23:21:21","date_gmt":"2024-01-29T22:21:21","guid":{"rendered":"https:\/\/tvsensor.com\/?p=35956"},"modified":"2024-01-29T23:23:12","modified_gmt":"2024-01-29T22:23:12","slug":"blinken-sad-ce-na-napad-na-bazu-odgovoriti-u-vise-slojeva-i-faza","status":"publish","type":"post","link":"https:\/\/tvsensor.com\/clanak\/blinken-sad-ce-na-napad-na-bazu-odgovoriti-u-vise-slojeva-i-faza\/","title":{"rendered":"Blinken: SAD \u0107e na napad na bazu odgovoriti &#8220;u vi\u0161e slojeva i faza&#8221;"},"content":{"rendered":"\n<p>&nbsp;U vezi s napadom na ameri\u010dku bazu na sirijsko-jordanskoj granici, ameri\u010dki dr\u017eavni sekretar Antony Blinken izjavio je da \u0107e &#8220;odgovor SAD-a biti vi\u0161eslojan, odvijat \u0107e se u fazama i dugo vremena&#8221;, javlja Anadolu.<\/p>\n\n\n\n<p>Blinken, koji je odr\u017eao zajedni\u010dku konferenciju za novinare sa generalnim sekretarom NATO-a Jensom Stoltenbergom u Washingtonu, govorio je o napadu u kojem su poginula tri ameri\u010dka vojnika.<\/p>\n\n\n\n<p>Blinken je izjavio kako \u017eale za vojnicima koji su izgubili \u017eivote u napadu te poru\u010dio da su poduzeli sve mogu\u0107e mjere da se takvi napadi vi\u0161e ne ponove. Naglasio je kako administracija Joea Bidena procjenjuje opcije vojnog odgovora.<\/p>\n\n\n\n<p>Odgovorio na pitanje kako \u0107e SAD odgovoriti, Blinken je kazao: &#8220;Kao \u0161to je predsjednik ju\u010der izjavio, mi \u0107emo odgovoriti (na ovaj napad), a taj odgovor \u0107e biti vi\u0161eslojan, odvijat \u0107e se u fazama i dugo vremena.&#8221;<\/p>\n\n\n\n<p>Navode\u0107i da ne tra\u017ee rat sa Iranom, Blinken je istakao da su tenzije u regionu porasle od 7. oktobra i da \u0107e nastaviti da \u0161tite interese SAD na Bliskom istoku.<br><\/p>\n\n\n\n<p>Izvor: Anadolu Agency<\/p>\n","protected":false},"excerpt":{"rendered":"<p>&nbsp;U vezi s napadom na ameri\u010dku bazu na sirijsko-jordanskoj granici, ameri\u010dki dr\u017eavni sekretar Antony Blinken izjavio je da \u0107e &#8220;odgovor SAD-a biti vi\u0161eslojan, odvijat \u0107e se u fazama i dugo vremena&#8221;, javlja Anadolu. Blinken, koji je odr\u017eao zajedni\u010dku konferenciju za novinare sa generalnim sekretarom NATO-a Jensom Stoltenbergom u Washingtonu, govorio je o napadu u kojem [&hellip;]<\/p>\n","protected":false},"author":59,"featured_media":35960,"comment_status":"open","ping_status":"open","sticky":false,"template":"","format":"standard","meta":{"inline_featured_image":false,"footnotes":""},"categories":[376,45,37],"tags":[],"class_list":{"0":"post-35956","1":"post","2":"type-post","3":"status-publish","4":"format-standard","5":"has-post-thumbnail","7":"category-featured","8":"category-svijet-ekonomija","9":"category-vijesti"},"acf":[],"_links":{"self":[{"href":"https:\/\/tvsensor.com\/api\/wp\/v2\/posts\/35956","targetHints":{"allow":["GET"]}}],"collection":[{"href":"https:\/\/tvsensor.com\/api\/wp\/v2\/posts"}],"about":[{"href":"https:\/\/tvsensor.com\/api\/wp\/v2\/types\/post"}],"author":[{"embeddable":true,"href":"https:\/\/tvsensor.com\/api\/wp\/v2\/users\/59"}],"replies":[{"embeddable":true,"href":"https:\/\/tvsensor.com\/api\/wp\/v2\/comments?post=35956"}],"version-history":[{"count":2,"href":"https:\/\/tvsensor.com\/api\/wp\/v2\/posts\/35956\/revisions"}],"predecessor-version":[{"id":35959,"href":"https:\/\/tvsensor.com\/api\/wp\/v2\/posts\/35956\/revisions\/35959"}],"wp:featuredmedia":[{"embeddable":true,"href":"https:\/\/tvsensor.com\/api\/wp\/v2\/media\/35960"}],"wp:attachment":[{"href":"https:\/\/tvsensor.com\/api\/wp\/v2\/media?parent=35956"}],"wp:term":[{"taxonomy":"category","embeddable":true,"href":"https:\/\/tvsensor.com\/api\/wp\/v2\/categories?post=35956"},{"taxonomy":"post_tag","embeddable":true,"href":"https:\/\/tvsensor.com\/api\/wp\/v2\/tags?post=35956"}],"curies":[{"name":"wp","href":"https:\/\/api.w.org\/{rel}","templated":true}]}}