{"id":35952,"date":"2024-01-29T23:14:40","date_gmt":"2024-01-29T22:14:40","guid":{"rendered":"https:\/\/tvsensor.com\/?p=35952"},"modified":"2024-01-29T23:14:43","modified_gmt":"2024-01-29T22:14:43","slug":"palestinski-ljekar-shahin-s-porodicom-u-bih-borba-za-vracanje-drzavljanstva-kako-bi-mogao-raditi","status":"publish","type":"post","link":"https:\/\/tvsensor.com\/clanak\/palestinski-ljekar-shahin-s-porodicom-u-bih-borba-za-vracanje-drzavljanstva-kako-bi-mogao-raditi\/","title":{"rendered":"Palestinski ljekar Shahin s porodicom u BiH: Borba za vra\u0107anje dr\u017eavljanstva kako bi mogao raditi"},"content":{"rendered":"\n<p>Ahmed Shahin, ljekar pedijatar iz Gaze, nakon \u0161to je sa porodicom evakuisan iz Gaze, koja je pod izraelskim napadima od 7. oktobra pro\u0161le godine, sada se nalazi u Sarajevu, javlja Anadolu.<\/p>\n\n\n\n<p>U Tuzli je 1995. godine zavr\u0161io Medicinski fakultet. Nakon toga vratio se u Gazu. Tamo je radio kao ljekar, a sada je sa porodicom u Sarajevu gdje poku\u0161ava vratiti bh. dr\u017eavljanstvo koje mu je oduzeto, kako je kazao, iz nerazja\u0161njenih razloga.<\/p>\n\n\n\n<p>\u017delja mu je da mu se vrati dr\u017eavljanstvo kako bi u Bosni i Hercegovini nastavio raditi kao ljekar i pomagati ljudima. Kako je kazao, zvali su ga ve\u0107 da radi ali ne mo\u017ee jer nije dr\u017eavljanin Bosne i Hercegovine.<\/p>\n\n\n\n<p>Predsjedavaju\u0107i Op\u0107inskog vije\u0107a Stari Grad Sarajevo Seid \u0160kalji\u0107 pozvao je Shahina na sastanak kako bi od njega \u010duo kako je trenutno stanje u Gazi, ali i saznao da li ima ne\u0161to u \u010demu im mogu pomo\u0107i i olak\u0161ati boravak u Bosni i Hercegovini.<\/p>\n\n\n\n<p>Sastanku su prisustvovali i pomo\u0107nica na\u010delnika Aldiana Kavazovi\u0107 iz Slu\u017ebe za privredu i Abid \u0160ehovi\u0107, rukovodilac Stru\u010dne slu\u017ebe Op\u0107inskog vije\u0107a.<\/p>\n\n\n\n<p>&#8220;Dosta toga smo ve\u0107 uradili kada je rije\u010d o pomo\u0107i narodu Gaze. Nedavno smo izdvojili posebna sredstva, formirat \u0107e se jedan kulturni centar. Danas smo imali konstruktivan razgovor sa Ahmedom Shahinom koji je ovdje. \u017delimo da sa njim uspostavimo kvalitetnu integraciju. U Bosni i Hercegovini je zavr\u0161io Medicinski fakultet, jedan od najte\u017eih. Vratio se u Gazu da pomogne svom narodu. Zbog okolnosti, morao je ponovo da se vrati u Bosnu i Hercegovinu gdje je uvijek dobrodo\u0161ao&#8221;, rekao je \u0160kalji\u0107.<\/p>\n\n\n\n<p>Istakao je da su Shahin i njegova porodica trenutno u fazi pokretanja jednog novog posla.<\/p>\n\n\n\n<p>&#8220;S obzirom na to da se nisu navikli na na\u0161 hljeb, krenuli su sa proizvodnjom doma\u0107eg hljeba. Narod je to prepoznao i krenuli su da kupuju hljeb od njih. Danas smo razgovarali kako da to jo\u0161 bolje napravimo i razradimo. Kao op\u0107ina Stari Grad vidjet \u0107emo \u0161ta je u na\u0161oj mogu\u0107nosti i na koji na\u010din da damo podr\u0161ku u tom pravcu&#8221;, istakao je \u0160kalji\u0107.<\/p>\n\n\n\n<p>Sa Shahinom je pri\u010dao i o dr\u017eavljanstvu koje mu je oduzeto. Smatra da se mora ne\u0161to uraditi u tom smislu.<\/p>\n\n\n\n<p>&#8220;Danas sam saznao da je pod vrlo \u010dudnim okolnostima oduzeto dr\u017eavljanstvo. Da je dobio dr\u017eavljanstvo 1995. godine, a da je produ\u017eeno i 2012. kada je dobio i li\u010dnu kartu. Me\u0111utim, retroaktivno dobija rje\u0161enje o oduzimanju u kojem se navodi da je oduzeto 2007. godine. Sada su do\u0161li ovdje, k\u0107erke imaju dr\u017eavljanstvo Bosne i Hercegovine. Mislim da postoji dovoljno pravne dr\u017eave u Bosni i Hercegovini da se ovaj problem rije\u0161i. Diplomu ima, ali mora imati dr\u017eavljanstvo kako bi radio&#8221;, naglasio je \u0160kalji\u0107.<\/p>\n\n\n\n<p>Naveo je da u Bosni i Hercegovini svakako treba ljekara i svako novi ko \u017eeli da radi bi trebao biti dobrodo\u0161ao.<\/p>\n\n\n\n<p>&#8220;Imamo stru\u010dnjaka i mislim da se ovaj problem oko dr\u017eavljanstva mora rije\u0161iti&#8221;, poru\u010dio je \u0160kalji\u0107.<\/p>\n\n\n\n<p>Kako je kazao, op\u0107ina Stari Grad je servis gra\u0111ana i oni su tu za gra\u0111ane.<\/p>\n\n\n\n<p>&#8220;To se \u010desto zaboravi&#8221;, dodao je \u0160kalji\u0107.<\/p>\n\n\n\n<p>Sa njim su evakuisane i k\u0107erke i sin sa posebnim potrebama. Trenutno su smje\u0161teni u jednom stanu koji se nalazi na devetom spratu u jednoj zgradi na Otoci. Zahvalan je na pomo\u0107i, ali \u017eelja mu je da im se prona\u0111e stan u prizemlju ili neka ku\u0107a kako bi lak\u0161e mogli sina izvoditi vani. Nepokretan je i u trenutno u stanu imaju problem za njegovo izvo\u0111enje na zrak. Shahin se prisjetio i dana u svojoj Gazi gdje su imali ku\u0107u i gdje su svakodnevno mogli sina izvoditi vani da bude na otvorenom. Na taj na\u010din su mu olak\u0161avali njegovo te\u0161ko stanje.<br><br>Izvor: <a href=\"https:\/\/www.aa.com.tr\/ba\/p\/pretplata\/1001\" target=\"_blank\" rel=\"noreferrer noopener\">Anadolu Agency (AA)<\/a><\/p>\n","protected":false},"excerpt":{"rendered":"<p>Ahmed Shahin, ljekar pedijatar iz Gaze, nakon \u0161to je sa porodicom evakuisan iz Gaze, koja je pod izraelskim napadima od 7. oktobra pro\u0161le godine, sada se nalazi u Sarajevu, javlja Anadolu. U Tuzli je 1995. godine zavr\u0161io Medicinski fakultet. Nakon toga vratio se u Gazu. Tamo je radio kao ljekar, a sada je sa porodicom [&hellip;]<\/p>\n","protected":false},"author":59,"featured_media":35953,"comment_status":"open","ping_status":"open","sticky":false,"template":"","format":"standard","meta":{"inline_featured_image":false,"footnotes":""},"categories":[376,37,38],"tags":[],"class_list":{"0":"post-35952","1":"post","2":"type-post","3":"status-publish","4":"format-standard","5":"has-post-thumbnail","7":"category-featured","8":"category-vijesti","9":"category-vijesti-iz-bih"},"acf":[],"_links":{"self":[{"href":"https:\/\/tvsensor.com\/api\/wp\/v2\/posts\/35952","targetHints":{"allow":["GET"]}}],"collection":[{"href":"https:\/\/tvsensor.com\/api\/wp\/v2\/posts"}],"about":[{"href":"https:\/\/tvsensor.com\/api\/wp\/v2\/types\/post"}],"author":[{"embeddable":true,"href":"https:\/\/tvsensor.com\/api\/wp\/v2\/users\/59"}],"replies":[{"embeddable":true,"href":"https:\/\/tvsensor.com\/api\/wp\/v2\/comments?post=35952"}],"version-history":[{"count":2,"href":"https:\/\/tvsensor.com\/api\/wp\/v2\/posts\/35952\/revisions"}],"predecessor-version":[{"id":35955,"href":"https:\/\/tvsensor.com\/api\/wp\/v2\/posts\/35952\/revisions\/35955"}],"wp:featuredmedia":[{"embeddable":true,"href":"https:\/\/tvsensor.com\/api\/wp\/v2\/media\/35953"}],"wp:attachment":[{"href":"https:\/\/tvsensor.com\/api\/wp\/v2\/media?parent=35952"}],"wp:term":[{"taxonomy":"category","embeddable":true,"href":"https:\/\/tvsensor.com\/api\/wp\/v2\/categories?post=35952"},{"taxonomy":"post_tag","embeddable":true,"href":"https:\/\/tvsensor.com\/api\/wp\/v2\/tags?post=35952"}],"curies":[{"name":"wp","href":"https:\/\/api.w.org\/{rel}","templated":true}]}}