{"id":353,"date":"2019-02-03T19:40:55","date_gmt":"2019-02-03T19:40:55","guid":{"rendered":"https:\/\/wh449638.ispot.cc\/?p=353"},"modified":"2024-01-15T21:50:21","modified_gmt":"2024-01-15T20:50:21","slug":"neobjavljeni-intervju-za-glas-srpske","status":"publish","type":"post","link":"https:\/\/tvsensor.com\/clanak\/neobjavljeni-intervju-za-glas-srpske\/","title":{"rendered":"Neobjavljeni intervju za \u201cGlas Srpske\u201d"},"content":{"rendered":"\n<p><strong><em>Prije 8 dana se novinar \u201cGlasa Srpske\u201d, Veljko \u017deljkovi\u0107, obratio akademiku Feridu Muhi\u0107u sa sljede\u0107om porukom.<\/em><\/strong><\/p>\n\n\n\n<p><strong><em>\u201cPo\u0161tovani g. Muhi\u0107<\/em><\/strong><br> <strong><em>Zovem se Veljko \u017deljlkovi\u0107 i radim za dnevni list Glas Srpske iz Banjaluke.<\/em><\/strong><br> <strong><em>Planirao sam napisati tekst o aktuelnoj situaciji u BiH, ali i njenoj i<\/em><\/strong><br> <strong><em>budu\u0107nosti.<\/em><\/strong><br> <strong><em>Da li postoji postoji mogu\u0107nost da na ovu temu porazgovaramo, te na koji<\/em><\/strong><br> <strong><em>broj telefona da vas zovem?<\/em><\/strong><\/p>\n\n\n\n<p><strong><em>Nadam se va\u0161em brzom i pozitivnom odgovoru.<\/em><\/strong><br> <strong><em>Unaprijed zahvalan na saradnji.<\/em><\/strong><\/p>\n\n\n\n<p><strong><em>Srda\u010dan pozdrav\u201d<\/em><\/strong><\/p>\n\n\n\n<p><strong><em>Profesor Muhi\u0107 je pristao \nodgovoriti na postavljena pitanja, ali kako stvari stoje ovaj intervju \n(do sada) nije objavljen. Kako nebi \u010ditaoci u Bosni i Hercegovini, a \nposebice \u010ditaoci \u201cGlasa Srpske\u201d ostali uskra\u0107eni evo ovdje prenosimo taj\n intervju.<\/em><\/strong><\/p>\n\n\n\n<hr class=\"wp-block-separator\" \/>\n\n\n\n<ol class=\"wp-block-list\"><li><em><strong>Prije par godina izjavili\n ste kako je BiH fantomska dr\u017eava te da bi Bo\u0161njaci, s obzirom na sve \nokolnosti, trebali preispitati mogu\u0107nost pravljenja bo\u0161nja\u010dke dr\u017eave. Da\n li i dalje stojite na ovom stanovi\u0161tu?<\/strong><\/em><\/li><\/ol>\n\n\n\n<p>Odgovor: \nTako je i danas. Bosna i Hercegovina je dr\u017eava-privid, dr\u017eava-fantom, \ndr\u017eava-sablast, u \u0161ta su je pretvorile hegemonisti\u010dke ambicije \nekstremnog srpskog nacionalizma utjelovljene u liku Slobodana Milo\u0161evi\u0107a\n &amp; kompanije, ohrabrene i omogu\u0107ene blagonaklonom benevolentno\u0161\u0107u \nme\u0111unarodnih snaga u \u010dije se je strate\u0161ke kalkulacije perfektno uklapalo\n uni\u0161tenje Bosne i Hercegovine.<\/p>\n\n\n\n<p>Bog ne \ndade \u2013 Bosna ne propade. Ali pola Bosne odsjeko\u0161e! \u0160ta drugo mo\u017ee biti \n\u010dovjek kom su pola tijeli odsjekli \u2013 nego fantom i sablast!? Pa tako i \ndr\u017eava! I to kakva dr\u017eava! Od svih feudalnih dr\u017eava na Balkanu, \nuklju\u010duju\u0107i i Srbiju i Hrvatsku, Bosna je najdu\u017ee opstala kao samostalna\n dr\u017eava. I kada su, tokom raspada SFRJ, gra\u0111ani Bosne i Hercegovine \nodlu\u010dili da obnove svoju dr\u017eavu, na temelju Referenduma sa izlazno\u0161\u0107u od\n vi\u0161e nego uvjerljivih 63.4%, od kojih je \u010dak \u010dak 99.7% glasalo za \nobnovu svoje suverene i samostalne dr\u017eave na cijeloj njenoj teritoriji, \ntaj cilj je bio i ostvaren, a Bosna i Hercegovina je postala punopravna \n\u010dlanica OUN.<\/p>\n\n\n\n<p>\u010cinjenica\n da su Srbi bojkotovali Referendum ne zna\u010di ni\u0161ta u demokratiji, jer i \nda su svi, koliko ih je god bilo u BiH glasali, ne bi promijenili ishod \nReferenduma. Ipak, praksa da se nedemokratskim sredstvima ru\u0161i \ndemokratija, uvje\u017ebana na mnogo mjesta u svijetu, i u BiH je dobila \nzeleno svjetlo od onih koji takvu praksu primjenjuju kad god im se \nprohtije.<\/p>\n\n\n\n<p>Otvorena \nvojna agresija na suverenu Bosnu i Herceovinu, izvr\u0161ena od Srbije i Crne\n Gore, kao i Hrvatske, bila je usmjerena direktno i isklju\u010divo protiv \nBo\u0161njaka, uz napomenu da su Crna Gora i Srbija s jedne, a Hrvatska s \ndruge strane imale i uzajamni obra\u010dun u otimanju bo\u0161nja\u010dke teritorije.<\/p>\n\n\n\n<p>Zato je \npreispitivanje obnove bo\u0161nja\u010dke dr\u017eave danas vi\u0161e nego opravdano i to na\n cijeloj teritoriji koju je Bosna i Hercegovina imala kao Republika u \nsklopu SFRJ, odnosno, u granicama u kojima se nalazila prilikom \nprogla\u0161enja za suverenu i nezavisnu dr\u017eavu. Dok god se to ne desi, ova i\n ovakva fantomska BiH \u0107e biti simbol \u017ertve nepravde, nasilja i \nbeskrupuloznog nacionalizma.&nbsp; &nbsp;<\/p>\n\n\n\n<ol class=\"wp-block-list\"><li><em><strong>Kako gledate na komentare\n onih koji ka\u017eu da potezi koje vuku \u010delni ljudi iz SDA vode ka \notcepljenju RS i stvaranju Hrvatske republike Herceg-Bosne?<\/strong><\/em><\/li><\/ol>\n\n\n\n<p>Odgovor: \nTo \u0161to oni govore, samo su ideolo\u0161ki motivisane aberacije zdravog \nrazuma. Jednostavnije re\u010deno: puke besmislice, bez ikakve osnove u \n\u010dinjenicama. \u010cinjenice su upravo obrnute: SDA djeluje kao integrativna \nsila, dok vode\u0107e srpske i hrvatske politi\u010dke partije iz petnih \u017eila \nnastoje da raspar\u010daju cjelovitu Bosnu i Hercegovinu. Danas je 49% \nteritorije BiH pod okupacijom, bezo\u010dno imenovano u prisvojnoj formi koja\n tu okupiranu teritoriju naziva <em>srpskom<\/em>:. \u010cija je to teritorija? <em>(R.) Srpska!? <\/em>Dakle,\n nametnut je etni\u010dki a ne gra\u0111anski princip kao jedini kriterijum. \nJednako tako i hrvatske etni\u010dke te\u017enje \u010covi\u0107a poduprte su iz Zagreba. Pa\n kad je ve\u0107 tako, onda primjenimo isti princip na cijelu teritoriju, \ndakle, po etni\u010dkom kriterijuu, \u201cJedan \u010dovjek, jedan glas\u201d, na kom je \ninsistirao Milo\u0161evi\u0107! A budu\u0107i da su na cijeloj teritoriji apsolutna \nve\u0107ina Bo\u0161njaci, jasno je da upravo politika tih partija, a ne SDA, vodi\n ka otcjepljenju RS i stvaranju Herceg Bosne.<\/p>\n\n\n\n<ol class=\"wp-block-list\"><li><em><strong>S obzirom da su sve tri strane nezadovoljne svojim polo\u017eajem unutar BiH, da li bi kompromisni rastanak bio rje\u0161enje?<\/strong><\/em><\/li><\/ol>\n\n\n\n<p>Odgovor: \nRazlika u nezadovoljstvu \u201csve tri strane\u201d je kao nebo i zemlja. Dok su \nsrpska i hrvatska strana nezadovoljni predatori koji jo\u0161 nisu dokraj\u010dili\n Bosnu i Hercegovinu kao svoj plijen na koji su odavno bacilli oko, \nnezadovoljstvo Bo\u0161njaka je pravedni gnjev protiv nasilnika. Kompromis \noko razbijanja jedinstvene Bosne i Hercegovine je zato nemogu\u0107a opcija \njer bi bio duboko nepravedan.<\/p>\n\n\n\n<blockquote class=\"wp-block-quote is-layout-flow wp-block-quote-is-layout-flow\"><p>Konstituisati\n gra\u0111ansku, sekularnu, demokratsku dr\u017eavu Bosnu i Hercegovinu u kojoj \u0107e\n Srbi i Hrvati imati isti status i ista prava koja imaju Bo\u0161njaci u \nSrbiji i Hrvatskoj.<\/p><\/blockquote>\n\n\n\n<p>Pravedno \nrje\u0161enje je svima jasno: Konstituisati gra\u0111ansku, sekularnu, demokratsku\n dr\u017eavu Bosnu i Hercegovinu u kojoj \u0107e Srbi i Hrvati imati isti status i\n ista prava koja imaju Bo\u0161njaci u Srbiji i Hrvatskoj. To je kompromis i \nto je istorijski pravedno rje\u0161enje. Bo\u0161njaci su jedini autohtoni narod \nBosne i Hercegovine. Sam Ilija Gara\u0161anin, idejni tvorac srpskog \nhegemonizma na Balkanu, u <em>Na\u010dertaniju<\/em> eksplicite nagla\u0161ava da u Bosni \u017eive Bo\u0161njaci muslimani (<em>muhamedanci<\/em>),\n Bo\u0161njaci pravoslavci, i Bo\u0161njaci katolici! Ni jednom rije\u010dju ne \nspominje ni Srbe, ni Hrvate kao stanovnike Bosne 1844 godine. Koliko god\n \u017eelio da Bo\u0161njake prika\u017ee kao Srbe, Ilija Gar\u0161aninn je bio svjestan \nkoliko bi to bilo suludo re\u0107i u to vrijeme, kada su svi zali da u Bosni \n\u017eive Bo\u0161njaci. Kao trezven \u010dovjek, prihvatio je ovu \u010dinjenicu, a program\n usmjerio na njeno mijenjanje. &nbsp;<\/p>\n\n\n\n<ol class=\"wp-block-list\"><li><em><strong>Jednom prilikom ste istakli kako bi Bo\u0161njaci procjetali kada bi dobili svoju dr\u017eavu?<\/strong><\/em><\/li><\/ol>\n\n\n\n<p>Odgovor: \nTo i sada ka\u017eem. I ne samo Bo\u0161njaci, procvjetali bi svi gra\u0111ani BiH, jer\n bi se kona\u010dno cijela dr\u017eava postavila na zdrave demokratske temelje za \n\u0161ta se, zdu\u0161no zala\u017eu i Beograd i Zagreb, ali samo unutar Srbije i \nHrvatske. Sve \u0161to se od njih o\u010dekuje i \u0161to su du\u017eni u\u010diniti, jeste da ne\n spre\u010davaju BiH u ostvarenju istih vrijednosti.<\/p>\n\n\n\n<ol class=\"wp-block-list\"><li><strong><em>Kako bi izgledala ta bo\u0161nja\u010dka dr\u017eava i koju teritoriju bi zauzimala?<\/em><\/strong><\/li><\/ol>\n\n\n\n<p>Odgovor: \nKao \u0161to sam ve\u0107 naglasio, bila bi (bi\u0107e, ako Bog da!) to moderna \nsekularna dr\u017eava, demokratskog ure\u0111enja, na cijeloj teritoriji Bosne i \nHercegovine na kojoj je bila priznata kao suverena dr\u017eava i \u010dlanica OUN.\n Uz jednak status i prava Srba i Hrvata u BiH kakva Bo\u0161njaci u\u017eivaju u \nSrbiji i Hrvatskoj.<\/p>\n\n\n\n<ol class=\"wp-block-list\"><li><strong><em>Vjerujete li da je mogu\u0107e provesti ovo \u201cnacionalni razdru\u017eivanje\u201d u sada\u0161njim okolnostima?<\/em><\/strong><\/li><\/ol>\n\n\n\n<p>Odgovor: \nRazdru\u017eivanje je apsolutno nepotrebno, nepo\u017eeljno i neprihvatljivo. \nOstati zajedno! \u2013 to je budu\u0107nost svih gra\u0111ana Bosne i Hercegovine.! \nZajedno, i to na jedinstvenoj teritoriji cijele dr\u017eave. Ipak, \nme\u0111unarodni faktor je o\u010dito spreman i sposoban da u ime sopstvenih \nciljeva, nametne i nepotrebna, i nepo\u017eeljna i neprihvatljiva rje\u0161enja, \nne pitaju\u0107i za cijenu i ne haju\u0107i za interese lokalnog stanovni\u0161tva. \nBosna i Hercegovina je slabija od nekih suverenih dr\u017eava koje su u \nnovije vrijeme, silom prega\u017eene i prekrojene po volji tih istih faktora.\n Ipak, o\u010dekujem da \u0107e me\u0111unarodna zajednica, i u sopstvenom iteresu, i u\n interesu cijelog Balkana, barem djelimi\u010dno uskladiti principe \npravednosti i interesa kao temelje Bosne i Hercegovine.&nbsp; &nbsp;<\/p>\n\n\n\n<ol class=\"wp-block-list\"><li><em><strong>Da li se ovo pitanje moglo rije\u0161iti jo\u0161 1995. godine?<\/strong><\/em><\/li><\/ol>\n\n\n\n<p>Odgovor:  Moglo je, naravno da je moglo! Da je tada stvorena jedinstvena suverena  Bosna i Hercegovina, kao sekularna demokratska dr\u017eava svih svojih  gra\u0111ana, bez obzira na etni\u010dku, vjersku ili bilo koju drugu pripadnost,  pitanje bi bilo rije\u0161eno. I danas se ovo pitanje mo\u017ee rije\u0161iti  stvaranjem iste takve dr\u017eave bo\u0161nja\u010dkog naroda u kojoj \u0107e Srbi i Hrvati  imati isti status koji Bo\u0161njaci imaju u Srbiji i Hrvatskoj, a svi  gra\u0111ani \u0107e u\u017eivati sva ljudska prava.<\/p>\n\n\n\n<p>\nferidmuhic.com\n\n<\/p>\n","protected":false},"excerpt":{"rendered":"<p>Prije 8 dana se novinar \u201cGlasa Srpske\u201d, Veljko \u017deljkovi\u0107, obratio akademiku Feridu Muhi\u0107u sa sljede\u0107om porukom. \u201cPo\u0161tovani g. Muhi\u0107 Zovem se Veljko \u017deljlkovi\u0107 i radim za dnevni list Glas Srpske iz Banjaluke. Planirao sam napisati tekst o aktuelnoj situaciji u BiH, ali i njenoj i budu\u0107nosti. Da li postoji postoji mogu\u0107nost da na ovu temu [&hellip;]<\/p>\n","protected":false},"author":59,"featured_media":354,"comment_status":"open","ping_status":"closed","sticky":false,"template":"","format":"standard","meta":{"inline_featured_image":false,"footnotes":""},"categories":[75],"tags":[],"class_list":{"0":"post-353","1":"post","2":"type-post","3":"status-publish","4":"format-standard","5":"has-post-thumbnail","7":"category-intervju"},"acf":[],"_links":{"self":[{"href":"https:\/\/tvsensor.com\/api\/wp\/v2\/posts\/353","targetHints":{"allow":["GET"]}}],"collection":[{"href":"https:\/\/tvsensor.com\/api\/wp\/v2\/posts"}],"about":[{"href":"https:\/\/tvsensor.com\/api\/wp\/v2\/types\/post"}],"author":[{"embeddable":true,"href":"https:\/\/tvsensor.com\/api\/wp\/v2\/users\/59"}],"replies":[{"embeddable":true,"href":"https:\/\/tvsensor.com\/api\/wp\/v2\/comments?post=353"}],"version-history":[{"count":2,"href":"https:\/\/tvsensor.com\/api\/wp\/v2\/posts\/353\/revisions"}],"predecessor-version":[{"id":417,"href":"https:\/\/tvsensor.com\/api\/wp\/v2\/posts\/353\/revisions\/417"}],"wp:featuredmedia":[{"embeddable":true,"href":"https:\/\/tvsensor.com\/api\/wp\/v2\/media\/354"}],"wp:attachment":[{"href":"https:\/\/tvsensor.com\/api\/wp\/v2\/media?parent=353"}],"wp:term":[{"taxonomy":"category","embeddable":true,"href":"https:\/\/tvsensor.com\/api\/wp\/v2\/categories?post=353"},{"taxonomy":"post_tag","embeddable":true,"href":"https:\/\/tvsensor.com\/api\/wp\/v2\/tags?post=353"}],"curies":[{"name":"wp","href":"https:\/\/api.w.org\/{rel}","templated":true}]}}