{"id":35061,"date":"2023-11-15T13:49:47","date_gmt":"2023-11-15T12:49:47","guid":{"rendered":"https:\/\/tvsensor.com\/?p=35061"},"modified":"2024-01-15T21:22:56","modified_gmt":"2024-01-15T20:22:56","slug":"erdogan-optuzuje-izrael-za-terorizam-i-ratne-zlocine-u-gazi","status":"publish","type":"post","link":"https:\/\/tvsensor.com\/clanak\/erdogan-optuzuje-izrael-za-terorizam-i-ratne-zlocine-u-gazi\/","title":{"rendered":"Erdogan optu\u017euje Izrael za terorizam i ratne zlo\u010dine u Gazi"},"content":{"rendered":"\n<p>Turski predsjednik Recep Tayyip Erdogan izjavio je u srijedu da je Izrael teroristi\u010dka dr\u017eava koja \u010dini ratne zlo\u010dine i kr\u0161i me\u0111unarodno pravo u Gazi. Erdogan je ponovio tvrdnju da palestinska grupa Hamas nije teroristi\u010dka organizacija, ve\u0107 politi\u010dka stranka izabrana od strane Palestinaca.<br><br>U govoru pred parlamentarnim zastupnicima, Erdogan je tako\u0111er pozvao izraelskog premijera Benjamina Netanyahua da javno objavi posjeduje li Izrael nuklearno oru\u017eje. Turski predsjednik je naglasio da \u0107e Turska raditi na me\u0111unarodnoj sceni kako bi osigurala da se izraelski doseljenici prepoznaju kao teroristi.<br><br>Ova izjava dolazi nakon povla\u010denja turskih diplomata iz Izraela kao odgovor na izraelski napad na Hamas u oktobru. Izrael nikada nije javno potvrdio posjedovanje nuklearnog oru\u017eja, ali je jedan ministar u Netanyahuovoj vladi ranije izjavio da je to opcija u sukobu s Hamasom. <br><\/p>\n\n\n\n<p>Turski ministar zdravstva Fahrettin Koca sastao se u srijedu s egipatskim kolegom u Kairu kako bi razgovarali o pru\u017eanju pomo\u0107i Gazi i transferu pacijenata u Tursku.<\/p>\n","protected":false},"excerpt":{"rendered":"<p>Turski predsjednik Recep Tayyip Erdogan izjavio je u srijedu da je Izrael teroristi\u010dka dr\u017eava koja \u010dini ratne zlo\u010dine i kr\u0161i me\u0111unarodno pravo u Gazi. Erdogan je ponovio tvrdnju da palestinska grupa Hamas nije teroristi\u010dka organizacija, ve\u0107 politi\u010dka stranka izabrana od strane Palestinaca. U govoru pred parlamentarnim zastupnicima, Erdogan je tako\u0111er pozvao izraelskog premijera Benjamina Netanyahua [&hellip;]<\/p>\n","protected":false},"author":59,"featured_media":14563,"comment_status":"open","ping_status":"closed","sticky":false,"template":"","format":"standard","meta":{"inline_featured_image":false,"footnotes":""},"categories":[376,41,45,37],"tags":[],"class_list":{"0":"post-35061","1":"post","2":"type-post","3":"status-publish","4":"format-standard","5":"has-post-thumbnail","7":"category-featured","8":"category-svijet","9":"category-svijet-ekonomija","10":"category-vijesti"},"acf":[],"_links":{"self":[{"href":"https:\/\/tvsensor.com\/api\/wp\/v2\/posts\/35061","targetHints":{"allow":["GET"]}}],"collection":[{"href":"https:\/\/tvsensor.com\/api\/wp\/v2\/posts"}],"about":[{"href":"https:\/\/tvsensor.com\/api\/wp\/v2\/types\/post"}],"author":[{"embeddable":true,"href":"https:\/\/tvsensor.com\/api\/wp\/v2\/users\/59"}],"replies":[{"embeddable":true,"href":"https:\/\/tvsensor.com\/api\/wp\/v2\/comments?post=35061"}],"version-history":[{"count":3,"href":"https:\/\/tvsensor.com\/api\/wp\/v2\/posts\/35061\/revisions"}],"predecessor-version":[{"id":35444,"href":"https:\/\/tvsensor.com\/api\/wp\/v2\/posts\/35061\/revisions\/35444"}],"wp:featuredmedia":[{"embeddable":true,"href":"https:\/\/tvsensor.com\/api\/wp\/v2\/media\/14563"}],"wp:attachment":[{"href":"https:\/\/tvsensor.com\/api\/wp\/v2\/media?parent=35061"}],"wp:term":[{"taxonomy":"category","embeddable":true,"href":"https:\/\/tvsensor.com\/api\/wp\/v2\/categories?post=35061"},{"taxonomy":"post_tag","embeddable":true,"href":"https:\/\/tvsensor.com\/api\/wp\/v2\/tags?post=35061"}],"curies":[{"name":"wp","href":"https:\/\/api.w.org\/{rel}","templated":true}]}}