{"id":35028,"date":"2023-11-14T13:17:14","date_gmt":"2023-11-14T12:17:14","guid":{"rendered":"https:\/\/tvsensor.com\/?p=35028"},"modified":"2024-01-15T21:23:02","modified_gmt":"2024-01-15T20:23:02","slug":"postavljanje-stubova-na-pjesackoj-oni-na-vratnik-mejdanu-otpor-gradjana-i-konfuzija-oko-merkatorove-intervencije","status":"publish","type":"post","link":"https:\/\/tvsensor.com\/clanak\/postavljanje-stubova-na-pjesackoj-oni-na-vratnik-mejdanu-otpor-gradjana-i-konfuzija-oko-merkatorove-intervencije\/","title":{"rendered":"Postavljanje stubova na pje\u0161a\u010dkoj zoni na Vratnik Mejdanu: Otpor gra\u0111ana i konfuzija oko Merkatorove intervencije&#8221;"},"content":{"rendered":"\n<p><\/p>\n\n\n\n<p>Dana\u0161njim postavljanjem stubova na ivici kaldrmisane pje\u0161acke zone u ulici Vratnik Mejdan u Sarajevu, op\u0107inske komunalne slu\u017ebe Stari Grad su pokrenule zna\u010dajan korak prema ure\u0111enju prometa u tom dijelu grada. Ovi stubovi imaju svrhu sprje\u010davanja dosada\u0161njeg neodgovornog parkiranja nesavjesnih gra\u0111ana na samoj povr\u0161ini kaldrmisane pje\u0161a\u010dke zone, \u010dime su se uvijek ugro\u017eavali pje\u0161aci i njihovo sigurno kretanje.<\/p>\n\n\n\n<p>Unato\u010d najboljoj namjeri op\u0107inskih vlasti, neki od gra\u0111ana nisu bili odu\u0161evljeni ovom veoma pozitivnom inicijativom. Na\u017ealost, mnogi su navikli na bahato parkiranje i zloupotrebu pje\u0161a\u010dkih zona. Ova promjena nije do\u010dekana s odobravanjem nekih pojedinaca, a jedan od primera je i verbalni konflikt izme\u0111u \u0161efice Merkatorove prodavnice na Vratnik Mejdanu i komunalnih radnika koji su radili svoj posao.<br><br>\u0160efica je iznijela svoje neslaganje tvrdnjom da joj postavljanje stubova ne odgovara, a radnici su ubrzo popustili pritisku i stekao se dojam da su samoinicijativno odustali od postavljanja jednog stuba, tvrde\u0107i da im nedostaje potrebna oprema. Ova izjava izaziva veliku sumnju u sposobnost zaposlenika Op\u0107ine Stari Grad da izvr\u0161e poslove po planu i samovoljno mijenjaju planske odluke op\u0107inskih vlasti.<\/p>\n\n\n\n<p>Kako bismo provjerili ta\u010dnost ovih tvrdnji, stupili smo u kontakt s komunalnom slu\u017ebom op\u0107ine Stari Grad, koja nam je potvrdila da su \u010dunjevi stvarno nedostajali, kako je navedeno u izjavi. Tako\u0111er, obe\u0107ali su da \u0107e u najkra\u0107em mogu\u0107em roku ispraviti ove nedostatke, \u010dime \u0107e osigurati nesmetanu cirkulaciju pje\u0161aka na toj zoni. Ova reakcija pokazuje ozbiljan anga\u017eman op\u0107inskih komunalnih slu\u017ebi u rje\u0161avanju problema i brigu o sigurnosti pje\u0161aka u najstarijem dijelu grada unutar Op\u0107ine Stari Grad.&#8221;<\/p>\n\n\n\n<p>Policija, koja ima zadatak ka\u017enjavanja saobra\u0107ajnih prekr\u0161aja, rijetko dolazi na ovu lokaciju kako bi intervenirala u slu\u010dajevima nepravilnog parkiranja na pje\u0161a\u010dkim zonama. \u010cesto se doga\u0111a da \u010dak ni na poziv gra\u0111ana policija ne reagira na potrebne intervencije. Ova situacija stvara dodatan pritisak na gra\u0111ane koji podr\u017eavaju inicijativu op\u0107ine za ure\u0111enje prometa i o\u010duvanje pje\u0161a\u010dkih zona na Vratniku, u najstarijem dijelu grada Sarajeva.<\/p>\n\n\n\n<p><\/p>\n","protected":false},"excerpt":{"rendered":"<p>Dana\u0161njim postavljanjem stubova na ivici kaldrmisane pje\u0161acke zone u ulici Vratnik Mejdan u Sarajevu, op\u0107inske komunalne slu\u017ebe Stari Grad su pokrenule zna\u010dajan korak prema ure\u0111enju prometa u tom dijelu grada. Ovi stubovi imaju svrhu sprje\u010davanja dosada\u0161njeg neodgovornog parkiranja nesavjesnih gra\u0111ana na samoj povr\u0161ini kaldrmisane pje\u0161a\u010dke zone, \u010dime su se uvijek ugro\u017eavali pje\u0161aci i njihovo sigurno [&hellip;]<\/p>\n","protected":false},"author":59,"featured_media":35031,"comment_status":"open","ping_status":"closed","sticky":false,"template":"","format":"gallery","meta":{"inline_featured_image":false,"footnotes":""},"categories":[376,37,38],"tags":[],"class_list":{"0":"post-35028","1":"post","2":"type-post","3":"status-publish","4":"format-gallery","5":"has-post-thumbnail","7":"category-featured","8":"category-vijesti","9":"category-vijesti-iz-bih","10":"post_format-post-format-gallery"},"acf":[],"_links":{"self":[{"href":"https:\/\/tvsensor.com\/api\/wp\/v2\/posts\/35028","targetHints":{"allow":["GET"]}}],"collection":[{"href":"https:\/\/tvsensor.com\/api\/wp\/v2\/posts"}],"about":[{"href":"https:\/\/tvsensor.com\/api\/wp\/v2\/types\/post"}],"author":[{"embeddable":true,"href":"https:\/\/tvsensor.com\/api\/wp\/v2\/users\/59"}],"replies":[{"embeddable":true,"href":"https:\/\/tvsensor.com\/api\/wp\/v2\/comments?post=35028"}],"version-history":[{"count":11,"href":"https:\/\/tvsensor.com\/api\/wp\/v2\/posts\/35028\/revisions"}],"predecessor-version":[{"id":35447,"href":"https:\/\/tvsensor.com\/api\/wp\/v2\/posts\/35028\/revisions\/35447"}],"wp:featuredmedia":[{"embeddable":true,"href":"https:\/\/tvsensor.com\/api\/wp\/v2\/media\/35031"}],"wp:attachment":[{"href":"https:\/\/tvsensor.com\/api\/wp\/v2\/media?parent=35028"}],"wp:term":[{"taxonomy":"category","embeddable":true,"href":"https:\/\/tvsensor.com\/api\/wp\/v2\/categories?post=35028"},{"taxonomy":"post_tag","embeddable":true,"href":"https:\/\/tvsensor.com\/api\/wp\/v2\/tags?post=35028"}],"curies":[{"name":"wp","href":"https:\/\/api.w.org\/{rel}","templated":true}]}}