{"id":35012,"date":"2023-11-13T11:08:17","date_gmt":"2023-11-13T10:08:17","guid":{"rendered":"https:\/\/tvsensor.com\/?p=35012"},"modified":"2024-01-15T21:23:03","modified_gmt":"2024-01-15T20:23:03","slug":"veliki-broj-gradjana-u-sarajevu-na-skupu-podrske-palestini-jucer-srebrenica-danas-gaza","status":"publish","type":"post","link":"https:\/\/tvsensor.com\/clanak\/veliki-broj-gradjana-u-sarajevu-na-skupu-podrske-palestini-jucer-srebrenica-danas-gaza\/","title":{"rendered":"Veliki broj gra\u0111ana u Sarajevu  na skupu podr\u0161ke Palestini: &#8220;Ju\u010der Srebrenica, danas Gaza&#8221;"},"content":{"rendered":"\n<p>U Sarajevu, glavnom gradu Bosne i Hercegovine, odr\u017ean je skup podr\u0161ke Palestini i mirna \u0161etnja u znak solidarnosti sa stanovnicima Gaze koji su ve\u0107 pet sedmica izlo\u017eeni brutalnim izraelskim napadima, izvje\u0161tava TV sensor.<\/p>\n\n\n\n<p>Na skupu ispred Sebilja na Ba\u0161\u010dar\u0161iji, koji je organizirao Nezavisni skup omladine u Bosni i Hercegovini, okupilo se nekoliko hiljada ljudi. Sudionici su nosili zastave Palestine i Bosne i Hercegovine, te transparente s porukama poput &#8220;Zaustavite genocid u Gazi&#8221;, &#8220;Ju\u010der Srebrenica, danas Gaza&#8221; i &#8220;Za\u0161to svijet \u0161uti?&#8221;.<\/p>\n\n\n\n<p>Okupljeni su zahtijevali prekid genocida i nasilja nad civilima, djecom i \u017eenama u Pojasu Gaze, isti\u010du\u0107i slike ubijene djece u palestinskoj opkoljenoj enklavi.<br><br><\/p>\n\n\n\n<figure class=\"wp-block-embed is-type-video is-provider-youtube wp-block-embed-youtube wp-embed-aspect-16-9 wp-has-aspect-ratio\"><div class=\"wp-block-embed__wrapper\">\n<iframe loading=\"lazy\" title=\"Free Palestine Demo, Sarajevo 12.11.23\" width=\"696\" height=\"392\" src=\"https:\/\/www.youtube.com\/embed\/-KMk7ECa6OE?feature=oembed\" frameborder=\"0\" allow=\"accelerometer; autoplay; clipboard-write; encrypted-media; gyroscope; picture-in-picture; web-share\" allowfullscreen><\/iframe>\n<\/div><figcaption class=\"wp-element-caption\">Demo Free Palestina 12.11.2023<\/figcaption><\/figure>\n\n\n\n<p>Mnogi u\u010desnici izjavili su da su do\u0161li kako bi pru\u017eili podr\u0161ku Palestincima koji, prema njihovim rije\u010dima, pro\u017eivljavaju najmonstruozniji genocid. Naglasila je \u017ealjenje zbog situacije i osudila izraelske napade, uspore\u0111uju\u0107i ih s genocidom u Srebrenici.<\/p>\n\n\n\n<p>Organizatori skupa, istakli su va\u017enost slanja poruke svijetu da ne treba \u0161utjeti dok se vr\u0161i genocid nad Palestincima. Naglasili da je to genocid, a ne rat, te je optu\u017eila Izrael za apartheid.<\/p>\n\n\n\n<p>Zijo Had\u017ei\u0107, koji je prisustvovao skupu sa suprugom, osudio je izraelske napade na nedu\u017ene ljude u Gazi. Had\u017ei\u0107 je istaknuo da su do\u0161li izraziti podr\u0161ku onima koji trenutno prolaze kroz te\u0161ko\u0107e, usporediv\u0161i situaciju s onim \u0161to su sami do\u017eivjeli prije 30 godina u Sarajevu.<\/p>\n\n\n\n<p>Ovo je bio drugi propalestinski protest u Sarajevu, pri \u010demu se prethodni skup okupio oko 10.000 ljudi, dok su sli\u010dni protesti odr\u017eani i u drugim gradovima Bosne i Hercegovine.<\/p>\n","protected":false},"excerpt":{"rendered":"<p>U Sarajevu, glavnom gradu Bosne i Hercegovine, odr\u017ean je skup podr\u0161ke Palestini i mirna \u0161etnja u znak solidarnosti sa stanovnicima Gaze koji su ve\u0107 pet sedmica izlo\u017eeni brutalnim izraelskim napadima, izvje\u0161tava TV sensor. Na skupu ispred Sebilja na Ba\u0161\u010dar\u0161iji, koji je organizirao Nezavisni skup omladine u Bosni i Hercegovini, okupilo se nekoliko hiljada ljudi. Sudionici [&hellip;]<\/p>\n","protected":false},"author":59,"featured_media":35015,"comment_status":"open","ping_status":"closed","sticky":false,"template":"","format":"gallery","meta":{"inline_featured_image":false,"footnotes":""},"categories":[43,376],"tags":[],"class_list":{"0":"post-35012","1":"post","2":"type-post","3":"status-publish","4":"format-gallery","5":"has-post-thumbnail","7":"category-bih","8":"category-featured","9":"post_format-post-format-gallery"},"acf":[],"_links":{"self":[{"href":"https:\/\/tvsensor.com\/api\/wp\/v2\/posts\/35012","targetHints":{"allow":["GET"]}}],"collection":[{"href":"https:\/\/tvsensor.com\/api\/wp\/v2\/posts"}],"about":[{"href":"https:\/\/tvsensor.com\/api\/wp\/v2\/types\/post"}],"author":[{"embeddable":true,"href":"https:\/\/tvsensor.com\/api\/wp\/v2\/users\/59"}],"replies":[{"embeddable":true,"href":"https:\/\/tvsensor.com\/api\/wp\/v2\/comments?post=35012"}],"version-history":[{"count":8,"href":"https:\/\/tvsensor.com\/api\/wp\/v2\/posts\/35012\/revisions"}],"predecessor-version":[{"id":35448,"href":"https:\/\/tvsensor.com\/api\/wp\/v2\/posts\/35012\/revisions\/35448"}],"wp:featuredmedia":[{"embeddable":true,"href":"https:\/\/tvsensor.com\/api\/wp\/v2\/media\/35015"}],"wp:attachment":[{"href":"https:\/\/tvsensor.com\/api\/wp\/v2\/media?parent=35012"}],"wp:term":[{"taxonomy":"category","embeddable":true,"href":"https:\/\/tvsensor.com\/api\/wp\/v2\/categories?post=35012"},{"taxonomy":"post_tag","embeddable":true,"href":"https:\/\/tvsensor.com\/api\/wp\/v2\/tags?post=35012"}],"curies":[{"name":"wp","href":"https:\/\/api.w.org\/{rel}","templated":true}]}}