{"id":34975,"date":"2023-11-11T18:05:53","date_gmt":"2023-11-11T17:05:53","guid":{"rendered":"https:\/\/tvsensor.com\/?p=34975"},"modified":"2024-01-15T21:23:06","modified_gmt":"2024-01-15T20:23:06","slug":"predsjednik-ifrc-a-kako-mogu-prihvatiti-situaciju-u-gazi","status":"publish","type":"post","link":"https:\/\/tvsensor.com\/clanak\/predsjednik-ifrc-a-kako-mogu-prihvatiti-situaciju-u-gazi\/","title":{"rendered":"Predsjednik IFRC-a: Kako mogu prihvatiti situaciju u Gazi?!"},"content":{"rendered":"\n<p><br>Novoro\u0111en\u010dad u inkubatorima i pacijenti na intenzivnoj njezi su u \u017eivotnoj opasnosti u bolnici Al-Quds, poru\u010dio je Francesco Rocca<\/p>\n\n\n\n<p>Predsjednik Me\u0111unarodne federacije dru\u0161tava Crvenog krsta i Crvenog polumjeseca (IFRC) Francesco Rocca u subotu je rekao da borbe &#8220;moraju prestati&#8221; u Pojasu Gaze.<\/p>\n\n\n\n<p>&#8211; Dosta! Kako me\u0111unarodna zajednica mo\u017ee prihvatiti situaciju u Gazi?, objavio je Francesco Rocca na dru\u0161tvenoj mre\u017ei X i dodao:<\/p>\n\n\n\n<p>&#8220;Novoro\u0111en\u010dad u inkubatorima i pacijenti na intenzivnoj njezi su u \u017eivotnoj opasnosti u bolnici Al-Quds.&#8221;<\/p>\n\n\n\n<p>Rocca je poru\u010dio\u00a0da se mora odobriti humanitarni pristup Pojasu Gaze i da &#8220;pomo\u0107 uklju\u010duju\u0107i i gorivo mora sti\u0107i i do sjevera&#8221;.<br><br><\/p>\n\n\n\n<p>Podsjetimo, Izrael je pokrenuo nemilosrdne vazdu\u0161ne i kopnene napade na Pojas Gaze od prekograni\u010dnog napada palestinske grupe Hamas 7. oktobra.<\/p>\n\n\n\n<p>Najmanje 11.078 Palestinaca je ubijeno, me\u0111u kojima 4.506 djece i 3.027 \u017eena.<\/p>\n\n\n\n<p><a href=\"https:\/\/twitter.com\/intent\/tweet?text=DOSTA%21%20-%20Predsjednik%20IFRC-a%3A%20Kako%20mogu%20prihvatiti%20situaciju%20u%20Gazi%3F%21&amp;url=https%3A%2F%2Fwww.oslobodjenje.ba%2Fvijesti%2Fsvijet%2Fdosta-predsjednik-ifrc-a-kako-medunarodna-zajednica-moze-prihvatiti-situaciju-u-gazi-907076\"><\/a><a href=\"mailto:?subject=DOSTA%21%20-%20Predsjednik%20IFRC-a%3A%20Kako%20mogu%20prihvatiti%20situaciju%20u%20Gazi%3F%21&amp;body=https%3A%2F%2Fwww.oslobodjenje.ba%2Fvijesti%2Fsvijet%2Fdosta-predsjednik-ifrc-a-kako-medunarodna-zajednica-moze-prihvatiti-situaciju-u-gazi-907076%0D%0A%0D%0A\"><\/a><\/p>\n","protected":false},"excerpt":{"rendered":"<p>Novoro\u0111en\u010dad u inkubatorima i pacijenti na intenzivnoj njezi su u \u017eivotnoj opasnosti u bolnici Al-Quds, poru\u010dio je Francesco Rocca Predsjednik Me\u0111unarodne federacije dru\u0161tava Crvenog krsta i Crvenog polumjeseca (IFRC) Francesco Rocca u subotu je rekao da borbe &#8220;moraju prestati&#8221; u Pojasu Gaze. &#8211; Dosta! Kako me\u0111unarodna zajednica mo\u017ee prihvatiti situaciju u Gazi?, objavio je Francesco [&hellip;]<\/p>\n","protected":false},"author":59,"featured_media":34976,"comment_status":"open","ping_status":"closed","sticky":false,"template":"","format":"standard","meta":{"inline_featured_image":false,"footnotes":""},"categories":[376,41,37],"tags":[],"class_list":{"0":"post-34975","1":"post","2":"type-post","3":"status-publish","4":"format-standard","5":"has-post-thumbnail","7":"category-featured","8":"category-svijet","9":"category-vijesti"},"acf":[],"_links":{"self":[{"href":"https:\/\/tvsensor.com\/api\/wp\/v2\/posts\/34975","targetHints":{"allow":["GET"]}}],"collection":[{"href":"https:\/\/tvsensor.com\/api\/wp\/v2\/posts"}],"about":[{"href":"https:\/\/tvsensor.com\/api\/wp\/v2\/types\/post"}],"author":[{"embeddable":true,"href":"https:\/\/tvsensor.com\/api\/wp\/v2\/users\/59"}],"replies":[{"embeddable":true,"href":"https:\/\/tvsensor.com\/api\/wp\/v2\/comments?post=34975"}],"version-history":[{"count":5,"href":"https:\/\/tvsensor.com\/api\/wp\/v2\/posts\/34975\/revisions"}],"predecessor-version":[{"id":35450,"href":"https:\/\/tvsensor.com\/api\/wp\/v2\/posts\/34975\/revisions\/35450"}],"wp:featuredmedia":[{"embeddable":true,"href":"https:\/\/tvsensor.com\/api\/wp\/v2\/media\/34976"}],"wp:attachment":[{"href":"https:\/\/tvsensor.com\/api\/wp\/v2\/media?parent=34975"}],"wp:term":[{"taxonomy":"category","embeddable":true,"href":"https:\/\/tvsensor.com\/api\/wp\/v2\/categories?post=34975"},{"taxonomy":"post_tag","embeddable":true,"href":"https:\/\/tvsensor.com\/api\/wp\/v2\/tags?post=34975"}],"curies":[{"name":"wp","href":"https:\/\/api.w.org\/{rel}","templated":true}]}}