{"id":34939,"date":"2023-11-10T19:52:25","date_gmt":"2023-11-10T18:52:25","guid":{"rendered":"https:\/\/tvsensor.com\/?p=34939"},"modified":"2024-01-15T21:23:09","modified_gmt":"2024-01-15T20:23:09","slug":"komsic-i-becirovic-u-parizu-se-sastali-s-kurtijem-razgovarali-o-berlinskom-procesu","status":"publish","type":"post","link":"https:\/\/tvsensor.com\/clanak\/komsic-i-becirovic-u-parizu-se-sastali-s-kurtijem-razgovarali-o-berlinskom-procesu\/","title":{"rendered":"Kom\u0161i\u0107 i Be\u0107irovi\u0107 u Parizu se sastali s Kurtijem, razgovarali o Berlinskom procesu"},"content":{"rendered":"\n<p>Predsjedavaju\u0107i Predsjedni\u0161tva BiH \u017deljko Kom\u0161i\u0107 i \u010dlan Predsjedni\u0161tva Denis Be\u0107irovi\u0107 sastali su se danas u Parizu sa premijerom Kosova Albinom Kurtijem.<\/p>\n\n\n\n<figure class=\"wp-block-image size-full\"><img loading=\"lazy\" decoding=\"async\" width=\"1600\" height=\"1067\" src=\"https:\/\/tvsensor.com\/wp-content\/uploads\/2023\/11\/F-jsYQnWUAAVP3n.jpg\" alt=\"\" class=\"wp-image-34941\" srcset=\"https:\/\/tvsensor.com\/wp-content\/uploads\/2023\/11\/F-jsYQnWUAAVP3n.jpg 1600w, https:\/\/tvsensor.com\/wp-content\/uploads\/2023\/11\/F-jsYQnWUAAVP3n-150x100.jpg 150w, https:\/\/tvsensor.com\/wp-content\/uploads\/2023\/11\/F-jsYQnWUAAVP3n-768x512.jpg 768w, https:\/\/tvsensor.com\/wp-content\/uploads\/2023\/11\/F-jsYQnWUAAVP3n-1536x1024.jpg 1536w, https:\/\/tvsensor.com\/wp-content\/uploads\/2023\/11\/F-jsYQnWUAAVP3n-300x200.jpg 300w, https:\/\/tvsensor.com\/wp-content\/uploads\/2023\/11\/F-jsYQnWUAAVP3n-696x464.jpg 696w, https:\/\/tvsensor.com\/wp-content\/uploads\/2023\/11\/F-jsYQnWUAAVP3n-1068x712.jpg 1068w\" sizes=\"auto, (max-width: 1600px) 100vw, 1600px\" \/><\/figure>\n\n\n\n<p>Premijer Kurti zahvalio se Kom\u0161i\u0107u i Be\u0107irovi\u0107u za produktivan sastanak.<\/p>\n\n\n\n<p><\/p>\n\n\n\n<p>Tokom boravka u Parizu, premijer Republike Kosova, Albin Kurti, ju\u010de je odr\u017eao sastanak s predsjedavaju\u0107im Predsjedni\u0161tva Bosne i Hercegovine, \u017deljkom Kom\u0161i\u0107em, i \u010dlanom Predsjedni\u0161tva Bosne i Hercegovine, Denisom Be\u0107irovi\u0107em, izvje\u0161tava ZKM i prenosi Scanner.<br><br><br>Glavna tema razgovora bila je Berlinski proces, uklju\u010duju\u0107i potpisane sporazume u okviru tog procesa, te koristi i nu\u017enost njihove potpune primjene. Razgovaralo se i o mogu\u0107nostima suradnje izme\u0111u dvije dr\u017eave i de\u0161avanjima u regionu.<\/p>\n\n\n\n<p>Poseban naglasak premijera Kurtija bio je na potrebi za sprovo\u0111enjem sporazuma o slobodnom kretanju s dokumentima potpisanim u Berlinu u novembru pro\u0161le godine, a koji jo\u0161 uvijek nije ratificiran od strane Bosne i Hercegovine. Premijer Kurti, predsjedavaju\u0107i Kom\u0161i\u0107 i \u010dlan Predsjedni\u0161tva Be\u0107irovi\u0107 tako\u0111er su raspravljali o mogu\u0107nostima i potencijalu za pove\u0107anje suradnje u oblasti ekonomije i obrazovanja.<\/p>\n","protected":false},"excerpt":{"rendered":"<p>Predsjedavaju\u0107i Predsjedni\u0161tva BiH \u017deljko Kom\u0161i\u0107 i \u010dlan Predsjedni\u0161tva Denis Be\u0107irovi\u0107 sastali su se danas u Parizu sa premijerom Kosova Albinom Kurtijem. Premijer Kurti zahvalio se Kom\u0161i\u0107u i Be\u0107irovi\u0107u za produktivan sastanak. Tokom boravka u Parizu, premijer Republike Kosova, Albin Kurti, ju\u010de je odr\u017eao sastanak s predsjedavaju\u0107im Predsjedni\u0161tva Bosne i Hercegovine, \u017deljkom Kom\u0161i\u0107em, i \u010dlanom Predsjedni\u0161tva [&hellip;]<\/p>\n","protected":false},"author":59,"featured_media":34940,"comment_status":"open","ping_status":"closed","sticky":false,"template":"","format":"standard","meta":{"inline_featured_image":false,"footnotes":""},"categories":[376,40,37],"tags":[],"class_list":{"0":"post-34939","1":"post","2":"type-post","3":"status-publish","4":"format-standard","5":"has-post-thumbnail","7":"category-featured","8":"category-region","9":"category-vijesti"},"acf":[],"_links":{"self":[{"href":"https:\/\/tvsensor.com\/api\/wp\/v2\/posts\/34939","targetHints":{"allow":["GET"]}}],"collection":[{"href":"https:\/\/tvsensor.com\/api\/wp\/v2\/posts"}],"about":[{"href":"https:\/\/tvsensor.com\/api\/wp\/v2\/types\/post"}],"author":[{"embeddable":true,"href":"https:\/\/tvsensor.com\/api\/wp\/v2\/users\/59"}],"replies":[{"embeddable":true,"href":"https:\/\/tvsensor.com\/api\/wp\/v2\/comments?post=34939"}],"version-history":[{"count":17,"href":"https:\/\/tvsensor.com\/api\/wp\/v2\/posts\/34939\/revisions"}],"predecessor-version":[{"id":35452,"href":"https:\/\/tvsensor.com\/api\/wp\/v2\/posts\/34939\/revisions\/35452"}],"wp:featuredmedia":[{"embeddable":true,"href":"https:\/\/tvsensor.com\/api\/wp\/v2\/media\/34940"}],"wp:attachment":[{"href":"https:\/\/tvsensor.com\/api\/wp\/v2\/media?parent=34939"}],"wp:term":[{"taxonomy":"category","embeddable":true,"href":"https:\/\/tvsensor.com\/api\/wp\/v2\/categories?post=34939"},{"taxonomy":"post_tag","embeddable":true,"href":"https:\/\/tvsensor.com\/api\/wp\/v2\/tags?post=34939"}],"curies":[{"name":"wp","href":"https:\/\/api.w.org\/{rel}","templated":true}]}}