{"id":34930,"date":"2023-11-09T14:04:59","date_gmt":"2023-11-09T13:04:59","guid":{"rendered":"https:\/\/tvsensor.com\/?p=34930"},"modified":"2024-01-15T21:23:12","modified_gmt":"2024-01-15T20:23:12","slug":"niti-su-ovo-devedesete-niti-sam-ja-poplasen-prestanite-brukati-svoju-zemlju-odgovorio-je-ministar-nesic-schmidtu","status":"publish","type":"post","link":"https:\/\/tvsensor.com\/clanak\/niti-su-ovo-devedesete-niti-sam-ja-poplasen-prestanite-brukati-svoju-zemlju-odgovorio-je-ministar-nesic-schmidtu\/","title":{"rendered":"Niti su ovo devedesete, niti sam ja Popla\u0161en, prestanite brukati svoju zemlju, odgovorio je ministar Ne\u0161i\u0107 Schmidtu"},"content":{"rendered":"\n<p>Ministar Ne\u0161i\u0107 je odgovorio na Schmidtovo gostovanje u emisiji Telering, isti\u010du\u0107i da je sre\u0107a visokog predstavnika, koji se naziva migrantom, van fokusa njegovih briga. Umesto toga, ministar nagla\u0161ava svoju odanost o\u010duvanju ustavnog poretka, a ne sre\u0107e gospodina \u0160mita. Ne\u0161i\u0107 izra\u017eava \u017ealjenje \u0161to se \u0160mit ne ose\u0107a sre\u0107nim zbog njegovih izjava, ali isti\u010de da je njegova du\u017enost kao ministra za\u0161tita ustavnog poretka koji vidi ugro\u017eenim.<\/p>\n\n\n\n<p>Ministar Ne\u0161i\u0107 odbacuje Schmidtov zahtev da bude zahvalan \u0161to podr\u017eava transformaciju BiH u protektorat, navode\u0107i da je to suprotno Povelji UN. Podse\u0107a na \u010dlanove Povelje koji zabranjuju me\u0161anje u unutra\u0161nje pitanje dr\u017eava i isti\u010de da Schmidt nema problem sa njim, ve\u0107 sa Dejtonom. Minister dodaje da je njegova odgovornost reagovati na la\u017eno predstavljanje i dovesti javnost u zabunu, nagla\u0161avaju\u0107i da nije BiH iz devedesetih i da je on ministar suverene zemlje.<\/p>\n\n\n\n<p>Na kraju, Ne\u0161i\u0107 poru\u010duje \u0160mitu da je on ministar suverene zemlje, dok je \u0160mit samo stranac, te apeluje da prestane s pretnjama i da ne blati svoju zemlju.<\/p>\n","protected":false},"excerpt":{"rendered":"<p>Ministar Ne\u0161i\u0107 je odgovorio na Schmidtovo gostovanje u emisiji Telering, isti\u010du\u0107i da je sre\u0107a visokog predstavnika, koji se naziva migrantom, van fokusa njegovih briga. Umesto toga, ministar nagla\u0161ava svoju odanost o\u010duvanju ustavnog poretka, a ne sre\u0107e gospodina \u0160mita. Ne\u0161i\u0107 izra\u017eava \u017ealjenje \u0161to se \u0160mit ne ose\u0107a sre\u0107nim zbog njegovih izjava, ali isti\u010de da je njegova [&hellip;]<\/p>\n","protected":false},"author":59,"featured_media":34931,"comment_status":"open","ping_status":"closed","sticky":false,"template":"","format":"standard","meta":{"inline_featured_image":false,"footnotes":""},"categories":[43,376,37,38],"tags":[],"class_list":{"0":"post-34930","1":"post","2":"type-post","3":"status-publish","4":"format-standard","5":"has-post-thumbnail","7":"category-bih","8":"category-featured","9":"category-vijesti","10":"category-vijesti-iz-bih"},"acf":[],"_links":{"self":[{"href":"https:\/\/tvsensor.com\/api\/wp\/v2\/posts\/34930","targetHints":{"allow":["GET"]}}],"collection":[{"href":"https:\/\/tvsensor.com\/api\/wp\/v2\/posts"}],"about":[{"href":"https:\/\/tvsensor.com\/api\/wp\/v2\/types\/post"}],"author":[{"embeddable":true,"href":"https:\/\/tvsensor.com\/api\/wp\/v2\/users\/59"}],"replies":[{"embeddable":true,"href":"https:\/\/tvsensor.com\/api\/wp\/v2\/comments?post=34930"}],"version-history":[{"count":3,"href":"https:\/\/tvsensor.com\/api\/wp\/v2\/posts\/34930\/revisions"}],"predecessor-version":[{"id":35454,"href":"https:\/\/tvsensor.com\/api\/wp\/v2\/posts\/34930\/revisions\/35454"}],"wp:featuredmedia":[{"embeddable":true,"href":"https:\/\/tvsensor.com\/api\/wp\/v2\/media\/34931"}],"wp:attachment":[{"href":"https:\/\/tvsensor.com\/api\/wp\/v2\/media?parent=34930"}],"wp:term":[{"taxonomy":"category","embeddable":true,"href":"https:\/\/tvsensor.com\/api\/wp\/v2\/categories?post=34930"},{"taxonomy":"post_tag","embeddable":true,"href":"https:\/\/tvsensor.com\/api\/wp\/v2\/tags?post=34930"}],"curies":[{"name":"wp","href":"https:\/\/api.w.org\/{rel}","templated":true}]}}