{"id":34629,"date":"2023-11-05T10:09:00","date_gmt":"2023-11-05T09:09:00","guid":{"rendered":"https:\/\/tvsensor.com\/?p=34629"},"modified":"2024-01-15T21:23:16","modified_gmt":"2024-01-15T20:23:16","slug":"akademik-prof-dr-suad-kurtcehajic-nesrazmjerni-odgovor-izraela-je-genocid","status":"publish","type":"post","link":"https:\/\/tvsensor.com\/clanak\/akademik-prof-dr-suad-kurtcehajic-nesrazmjerni-odgovor-izraela-je-genocid\/","title":{"rendered":"Akademik prof. dr. Suad Kurt\u0107ehaji\u0107: Nesrazmjerni odgovor Izraela je Genocid."},"content":{"rendered":"\n<p>Akademik prof. dr. Suad Kurt\u010dehaji\u0107 na svom Facebook profilu temeljito analizira sukob izme\u0111u Izraela i Palestine, posebno istra\u017euju\u0107i nerazmjernu reakciju Izraela na postupke Hamasa. Prema njegovim argumentima, takva nerazmjerna reakcija se mo\u017ee definirati kao genocid. Akademik Kurt\u010dehaji\u0107 isti\u010de va\u017enost pravosudnog procesuiranja odgovornih za takve doga\u0111aje. Njegova stru\u010dna analiza poziva na hitnu akciju s ciljem pronala\u017eenja trenutnih rje\u0161enja za prekid izraelskih napada na Gazu.<\/p>\n\n\n\n<p><br>Njegou izjavu prenosimo u cjelosti. &#8211; TV Sensor.<\/p>\n\n\n\n<p>Zlo\u010din Hamasa prema civilima u Izraelu je teroristi\u010dki \u010din i zlo\u010din protiv \u010dovje\u010dnosti i me\u0111unarodnog prava ali zlo\u010din Izrael\u0107ana prema Palestincima koji je vi\u0161estruko nesrazmjeran odgovor na \u010din Hamasa je po definiciji genocid i zahtijeva procesuiranje odgovornih osoba za taj najte\u017ei zlo\u010din u koji su uklju\u010dene sve strukture Vlade u Izraelu. Tragi\u010dno je da dr\u017eave velikih demokratskih tradicija dozvoljavaju i odobravaju vojne aktivnosti Izrael\u0107ana koji pod krinkom uni\u0161tenja <a><\/a>Hamasa ubijaju na hiljade civila: \u017eena, djece i staraca.<\/p>\n\n\n\n<p>Pravna definicija genocida<\/p>\n\n\n\n<p>(uklju\u010duju\u0107i diskusiju i zna\u010denja)<\/p>\n\n\n\n<p>Me\u0111unarodna pravna definicija zlo\u010dina genocida data u \u010dlanu II i III Konvencije o sprije\u010davanju i ka\u017enjavanju genocida, iz 1948. godine<\/p>\n\n\n\n<p>\u010dlan II opisuje dva elementa zlo\u010dina genocida<\/p>\n\n\n\n<p>1) mentalni element , zna\u010di &#8220;namjera da potpuno ili djelimi\u010dno uni\u0161ti nacionalna, etni\u010dka, rasna ili religiozna grupa kao takva, i<\/p>\n\n\n\n<p>2) fizi\u010dki element koji uklju\u010duje pet djela opisanih u sekcijama, a, b , c , d i e. Zlo\u010din mora uklju\u010divati oba elementa da bi se zvao &#8220;genocid&#8221;.<\/p>\n\n\n\n<p>\u010dlan III opisan sa pet ka\u017enjivih oblika zlo\u010dina genocida: genocid, konspiracija, podsticaj, poku\u0161aj i sau\u010desni\u0161tvo.<\/p>\n\n\n\n<p>Dijelovi Konvencije o sprije\u010davanju i ka\u017enjavanju genocida<\/p>\n\n\n\n<p>&#8220;\u010dlan II: U ovoj konvenciji genocid zna\u010di bilo koji od ovih djela izvr\u0161enih za namjerom da se potpuno ili djelimi\u010dno uni\u0161ti nacionalna, etni\u010dka, rasna ili religiozna grupa, kao takva:<\/p>\n\n\n\n<p>(a) Ubijanje pripadnika grupe (odre\u0111enog naroda);<\/p>\n\n\n\n<p>(b) Uzrokovanje te\u0161kih tjelesnih i mentalnih povreda pripadnicima grupe;<\/p>\n\n\n\n<p>(c) Namjerno podvrgavanje grupe takvim \u017eivotnim uslovima koji prouzrokuju njeno potpuno ili djelimi\u010dno uni\u0161tenje;<\/p>\n\n\n\n<p>(d) Uspostavljaju\u010di mjere s namjerom sprije\u010davanja ra\u0111anja u okviru grupe;<\/p>\n\n\n\n<p>(e) Prinudno premje\u0161tanje djece iz jedne u drugu grupu.<\/p>\n\n\n\n<p>\u010dlan III:<\/p>\n\n\n\n<p>(a) Genocid;<\/p>\n\n\n\n<p>(b) Plan za izvr\u0161enje genocida;<\/p>\n\n\n\n<p>(c) Direktno i javno podsticanje na izvr\u0161enje genocida<\/p>\n\n\n\n<p>(d) Poku\u0161aj genocida;<\/p>\n\n\n\n<p>(e) Sau\u010desni\u0161tvo u genocidu.&#8221;<\/p>\n\n\n\n<p>Diskusija:<\/p>\n\n\n\n<p>Zlo\u010din je planirati ili podsticati na genocid, \u010dak i prije nego \u0161to ubijanje po\u010dne ili pomagati izvr\u0161enje genocida: Djela zlo\u010dina uklju\u010duju planiranje, direktno i javno podsticanje, poku\u0161aj izvr\u0161enja genocida i sau\u010desni\u0161tvo u genocidu.<\/p>\n\n\n\n<p>Ka\u017enjiva djela Slijede\u0107e su genocidna djela ako su po\u010dinjena kao dio politike da se uni\u0161ti postojanje grupe (naroda):<\/p>\n\n\n\n<p>Ubijanje pripadnika grupe uklju\u010duje direktna ubistva i djela koja izazivaju smrt.<\/p>\n\n\n\n<p>Uzrokovanje te\u0161kih tjelesnih ili mentalnih povreda uklju\u010duje izazivaju\u010di traumu pripadnika grupe kroz \u0161iroko ra\u0161ireno mu\u010denje, silovanje, seksualno nasilje, prinudjivanje na konzumiranje droge i saka\u0107enje.<\/p>\n\n\n\n<p>Namjerno podvrgavanje grupe takvim \u017eivotnim uslovima ra\u010dunaju\u0107i da \u0107e uzrokovati uni\u0161tenje tog naroda uklju\u010duje namjerno uskra\u0107ivanje izvora potrebnih za fizi\u010dki opstanak grupe takvih kao \u0161to je \u010dista voda, hrana, odje\u0107a, stambeni prostor ili medicinske usluge. Uskra\u0107ivanje onoga \u0161to \u017eivot zna\u010di mo\u017ee biti kroz oduzimanje \u017eetve, blokiranja isporuke hrane, zatvaranja u logore, prinudno raseljavanje ili protjerivanje. ili<\/p>\n\n\n\n<p>Sprije\u010davanje ra\u0111anja uklju\u010duje nasilnu sterilizaciju, nasilni prekid trudno\u0107e, zabranu brakova, dugotrajna odvojenost mu\u0161karaca i \u017eena s namjerom sprije\u010davanja ra\u0111anja.<\/p>\n\n\n\n<p>Nasilno premje\u0161tanje djece mo\u017ee biti direktnim prisiljavanjem ili zbog straha od nasilja, zatvaranja, psiholo\u0161kog maltretiranja ili drugih vidova mu\u010denja. Konvencija o pravima dijeteta defini\u0161e djecom osobe ispod 18 godina.<\/p>\n\n\n\n<p>Genocidna djela ne moraju ubiti ili uzrokovati smrt pripadnika grupe. Uzrokuju\u0107i te\u0161ke tjelesne i mentalne povrede, sprije\u010davanje ra\u0111anja i premje\u0161tanje djece su djela genocida u\u010dinjena kao dio politike da se uni\u0161ti postojanje grupe.<\/p>\n\n\n\n<p>Za\u0161ti\u0107ene grupe:<\/p>\n\n\n\n<p>Zakon \u0161titi \u010detiri grupe &#8211; nacionalne, etni\u010dke, rasne ili religiozne grupe.<\/p>\n\n\n\n<p>Pod nacionalnom grupom se podrazumijeva grupa pojedinaca \u010diji identitet je definisan zajedni\u010dkom dr\u017eavno\u0161\u0107u.<\/p>\n\n\n\n<p>Pod etni\u010dkom grupom se podrazumijeva grupa pojedinaca \u010diji identitet je definisan zajedni\u010dkim kulturnim tradicijama, jezikom ili naslije\u010dem.<\/p>\n\n\n\n<p>Pod rasnom grupom se podrazumijeva grupa pojedinaca \u010diji identitet je definisan fizi\u010dkim karakteristikama.<\/p>\n\n\n\n<p>Pod religioznom grupom se podrazumijeva grupa pojedinaca \u010diji identitet je definisan zajedni\u010dkom religijom, vjerovanjima, doktrinama, praktikovanjem ili ritualima.<\/p>\n\n\n\n<p>Obi\u010dno su ljudi ro\u0111eni u ove \u010detiri grupe. Ove \u010detiri grupe imaju zajedni\u010dke karakteristike po kojima su pojedinci naj\u010de\u0161\u0107e ro\u0111enjem u grupi. Dok neki pojedinci mogu promijeniti nacionalnost, ili religiju ili \u010dak usvojiti novi kulturni, etni\u010dki ili rasni identitet &#8211; obi\u010dno ljudi ne mogu birati identitet grupe. U genocidu, ljudi su meta za uni\u0161tenje ne zbog toga \u0161to su ne\u0161to uradili, nego zbog onoga ko su i \u0161ta su.<\/p>\n\n\n\n<p>Grupni identitet je \u010desto izforsiran od strane po\u010dinilaca. Po\u010dinioci genocida u\u010destalo prave grupne kategorije opasnijim ili kreiraju nove definicije i grupni identitet name\u0107u pojedincu bez obzira kakav je njegov li\u010dni izbor tog pojedinca.<\/p>\n\n\n\n<p>Zna\u010dajni termini:<\/p>\n\n\n\n<p>Zlo\u010din genocida ima dva elementa: namjeru i akciju. Namjera mo\u017ee biti dokazana direktno kroz izjave ili nare\u010denja, ali \u010de\u0161\u010de, mora biti zaklju\u010dena po sistematskom i koordiniranom djelovanju..<\/p>\n\n\n\n<p>Namjera je razli\u010dita od motiva. \u0160ta god da je motiv za zlo\u010din (oduzimanje zemlji\u0161ta, nacionalna sigurnost, teritorijalni integritet, itd.) ako po\u010dinioci po\u010dine djelo s namjerom da uni\u0161te grupu, \u010dak i dio grupe, TO JE GENOCID.<\/p>\n\n\n\n<p>Fraza &#8220;potpuno ili djelimi\u010dno&#8221; je va\u017ena. Po\u010dinioci ne moraju imati namjeru da uni\u0161te cijelu grupu.i uni\u0161tenje samo jednog dijela grupe (takvog kao \u0161to su njeni obrazovani pripadnici ili pripadnici koji \u017eive u istoj regiji) je tako\u0111er genocid. Mnogi odgovorni zahtijevaju namjeru da se uni\u0161ti prili\u010dan broj pripadnika grupe &#8211; masovno ubistvo. Ali pojedinac zlo\u010dinac mo\u017ee biti kriv za genocid \u010dak i ako ubije samo jednu osobu, sve dok zna da u\u010destvuje u VELIKOM PLANU za uni\u0161tenje grupe.<\/p>\n\n\n\n<p>\u010dlan II Konvencije je uklju\u010den bez izmjena u Rimskom statutu Me\u0111unarodnog suda za zlo\u010dine kao \u010dlan 6 i tako\u0111er i u Statutima Me\u0111unarodnih sudova za ratne zlo\u010dine za Ruandu i biv\u0161u Jugoslaviju.<\/p>\n\n\n\n<p><br><\/p>\n","protected":false},"excerpt":{"rendered":"<p>Akademik prof. dr. Suad Kurt\u010dehaji\u0107 na svom Facebook profilu temeljito analizira sukob izme\u0111u Izraela i Palestine, posebno istra\u017euju\u0107i nerazmjernu reakciju Izraela na postupke Hamasa. Prema njegovim argumentima, takva nerazmjerna reakcija se mo\u017ee definirati kao genocid. Akademik Kurt\u010dehaji\u0107 isti\u010de va\u017enost pravosudnog procesuiranja odgovornih za takve doga\u0111aje. Njegova stru\u010dna analiza poziva na hitnu akciju s ciljem pronala\u017eenja [&hellip;]<\/p>\n","protected":false},"author":59,"featured_media":34630,"comment_status":"open","ping_status":"closed","sticky":false,"template":"","format":"standard","meta":{"inline_featured_image":false,"footnotes":""},"categories":[376,37,38],"tags":[],"class_list":{"0":"post-34629","1":"post","2":"type-post","3":"status-publish","4":"format-standard","5":"has-post-thumbnail","7":"category-featured","8":"category-vijesti","9":"category-vijesti-iz-bih"},"acf":[],"_links":{"self":[{"href":"https:\/\/tvsensor.com\/api\/wp\/v2\/posts\/34629","targetHints":{"allow":["GET"]}}],"collection":[{"href":"https:\/\/tvsensor.com\/api\/wp\/v2\/posts"}],"about":[{"href":"https:\/\/tvsensor.com\/api\/wp\/v2\/types\/post"}],"author":[{"embeddable":true,"href":"https:\/\/tvsensor.com\/api\/wp\/v2\/users\/59"}],"replies":[{"embeddable":true,"href":"https:\/\/tvsensor.com\/api\/wp\/v2\/comments?post=34629"}],"version-history":[{"count":10,"href":"https:\/\/tvsensor.com\/api\/wp\/v2\/posts\/34629\/revisions"}],"predecessor-version":[{"id":35456,"href":"https:\/\/tvsensor.com\/api\/wp\/v2\/posts\/34629\/revisions\/35456"}],"wp:featuredmedia":[{"embeddable":true,"href":"https:\/\/tvsensor.com\/api\/wp\/v2\/media\/34630"}],"wp:attachment":[{"href":"https:\/\/tvsensor.com\/api\/wp\/v2\/media?parent=34629"}],"wp:term":[{"taxonomy":"category","embeddable":true,"href":"https:\/\/tvsensor.com\/api\/wp\/v2\/categories?post=34629"},{"taxonomy":"post_tag","embeddable":true,"href":"https:\/\/tvsensor.com\/api\/wp\/v2\/tags?post=34629"}],"curies":[{"name":"wp","href":"https:\/\/api.w.org\/{rel}","templated":true}]}}