{"id":34394,"date":"2023-10-22T08:48:36","date_gmt":"2023-10-22T07:48:36","guid":{"rendered":"https:\/\/tvsensor.com\/?p=34394"},"modified":"2024-01-15T21:23:59","modified_gmt":"2024-01-15T20:23:59","slug":"djeca-sve-cesce-zrtve-prisilnog-prosjacenja","status":"publish","type":"post","link":"https:\/\/tvsensor.com\/clanak\/djeca-sve-cesce-zrtve-prisilnog-prosjacenja\/","title":{"rendered":"Djeca sve \u010de\u0161\u0107e \u017ertve prisilnog prosja\u010denja"},"content":{"rendered":"\n<p>U pro\u0161loj godini su u Bosni i Hercegovini, prema podacima dr\u017eavnog koordinatora za borbu protiv trgovine ljudima i ilegalne migracije, identifikovane 83 potencijalne u svrhu radne i seksualne eksploatacije, prosja\u010denja i prisilnih brakova, javlja&nbsp;<a href=\"https:\/\/www.slobodnaevropa.org\/a\/raste-broj-zrtava-djeca-trgovina-ljudima-bih\/29399363.html\" target=\"_blank\" rel=\"noreferrer noopener\">Radio Slobodna Evropa<\/a>.<\/p>\n\n\n\n<p>Od ukupnog broja \u017ertava trgovine ljudima 36 osoba su punoljetne, a 47 ih je maloljetnih. Osobe \u017eenskog pola \u010de\u0161\u0107e postaju \u017ertve trgovine ljudima.<\/p>\n\n\n\n<p>No, posebno zabrinjava podatak da je ve\u0107ina maloljetnika me\u0111u identifikovanim \u017ertvama trgovine ljudima.<\/p>\n\n\n\n<p>\u201cMi imamo u porastu broj djece \u017ertava, a biti \u017ertva trgovine ljudima je ne\u0161to najgore \u0161to se mo\u017ee desiti jednom ljudskom bi\u0107u. Imaju\u0107i u vidu da se to de\u0161ava djeci je vi\u0161e nego sramotno! Takve stvari se trebaju rapidnije, urgentnije, hitnije od strane sistema i dr\u017eave ka\u017enjavati, rje\u0161avati\u201d, ka\u017ee Edisa Demi\u0107 iz mostarske nevladine organizacije Novi put, koja se ve\u0107 godinama bavi ovom ozbiljnim problemom.<\/p>\n\n\n\n<p>Izvje\u0161taj o stanju u oblasti trgovine ljudima u BiH za 2017. godinu, koji je pripremio dr\u017eavni koordinator za borbu protiv trgovine ljudima, pokazao je da se ona naj\u010de\u0161\u0107e odvija unutar granica BiH, ali su zabilje\u017eeni i slu\u010dajevi prekograni\u010dne trgovine. Pove\u0107an je i broj \u017ertava, u odnosu na godinu ranije i to za 35 osoba.<\/p>\n\n\n\n<p>Edisa Demi\u0107 iz organizacije Novi put nagla\u0161ava da je prema svim relevatnim procjenama Bosna i Hercegovina najgore pozicionirana zemlja u regionu kada je rije\u010d o stanju trgovine ljudima.<\/p>\n\n\n\n<p>\u201cMoramo imati sistem koji \u0107e raditi stalno na prevenciji da se to ne bi de\u0161avalo u ovakvom razmjeru kako se ve\u0107 de\u0161ava. Mi moramo biti sigurni da kada imamo \u017ertvu moramo biti svjesni da napola, imamo 50 posto izgubljen \u017eivot, jer je jako te\u017eak proces oporavka\u201d, poru\u010duje Demi\u0107.<\/p>\n\n\n\n<p>Pored trgovine oru\u017eja i opojnim sredstvima, trgovina ljudima je za kriminalce veoma unosan na\u010din zarade novca.<\/p>\n\n\n\n<p>Me\u0111unarodne organizacije raspola\u017eu razli\u010ditim podacima o broju ljudi koji godi\u0161nje postanu \u017ertve trgovine ljudima i o zaradi koja biva ostvarena od te kriminalne aktivnosti. Podaci UN govore da svake godine 700.000 \u017eena, djece i mu\u0161karaca u svijetu postanu \u017ertve trgovine ljudima.<\/p>\n\n\n\n<p>Prema podacima dr\u017eavnog koordinatora za borbu protiv trgovine ljudima, unutar Bosne i Hercegovine punoljetne i maloljetne \u017eene se podvrgavaju trgovini ljudima u svrhu seksualnog iskori\u0161tavanja u privatnim stanovima, smje\u0161tajnim i ugostiteljskim objektima i drugim prikrivenim mjestima.<\/p>\n\n\n\n<p>Ekonomski marginalizirana romska djeca se naj\u010de\u0161\u0107e prisiljavaju da prose, da \u010dine krivi\u010dna djela i slu\u017ee u doma\u0107instvima protiv svoje volje u prisilno sklopljenim brakovima.<\/p>\n\n\n\n<p>\u017drtve iz Bosne i Hercegovine podvrgnute su trgovini u svrhu seksualnog iskori\u0161tavanja i prisilnog rada u sektoru gra\u0111evinarstva i drugim sektorima u drugim Evropskim zemljama.<\/p>\n\n\n\n<p>\u201cMi imamo razli\u010dite, da ka\u017eem, periode. Ranije smo imali naj\u010de\u0161\u0107e identifkovane \u017ertve \u017eene koje su bile \u017ertve seksualne eksploatacije, kao jednog od najgorih mogu\u0107ih vidova trgovine ljudima. Zatim, period od 2009. godine imamo radnu eksploataciju, jer su gra\u0111ani BiH trbuhom za kruhom prihvatali kojekakve poslovne ponude u inostranstvu. Imamo veliki slu\u010daj koji je pokrenut pred Sudom Bosne i Hercegovine , a to je slu\u010daj \u2018Azerbejd\u017ean\u2019. Prema posljednjem izvje\u0161taju i generalno rada na terenu imamo informacije da je prosja\u010denje jedan od velikih problema koje mi imamo u dru\u0161tvu i pasivnosti sistema da reaguje na rje\u0161avanje takvih problema. Imate djecu koja spavaju psolije pono\u0107i na ulici u turisti\u010dkim djelovima grada i niko ni\u0161ta ne \u010dini\u201d, obja\u0161njava Demi\u0107.<\/p>\n\n\n\n<p>Na upit Radija Slobodna Evropa (RSE) o stanju trgovine ljudima u BiH iz Ministarstva sigurnosti BiH, u okviru kojeg djeluje dr\u017eavni koordinator za borbu protiv trgovine ljudima odgovoreno je da prema podacima organizacija i udru\u017eenja koje pru\u017eaju usluge dnevnih centara za djecu ulice evidentirano je 130 potencijalnih \u017ertava trgovine ljudima, uglavnom djece prosjaka.<\/p>\n\n\n\n<p>Prosja\u010denja kao oblik trgovine ljudima jedan od naj\u010de\u0161\u0107ih prekr\u0161aja na podru\u010dju Kantona Sarajevo.<\/p>\n\n\n\n<p>\u201cTakvih je u prvih \u0161est mjeseci 2018. godine bilo 772 slu\u010daja\u201d, ka\u017ee glasnogovrnica MUP-a KS Suvada Kuldija.<\/p>\n\n\n\n<p>Kazne za prosja\u010denje su od 300 KM (150 eura) do 900 KM (450 eura). Ukoliko su u pitanju djeca, njihovi roditelji ili staratelji moraju platiti kazne su od 400 KM ( 200 eura) do 1200 KM (600 eura).<\/p>\n\n\n\n<p>\u201cApelujemo na gra\u0111ane da ne daju novac osobama koje prose\u201d, poru\u010dila je Kuldija.<\/p>\n\n\n\n<p>Na pitanje RSE kako se dr\u017eava bori protiv trgovine ljudima, Ministarstvo sigurnosti Bosne i Hercegovine je odgovorilo:<\/p>\n\n\n\n<p>\u201cNastavljamo aktivnosti na sprije\u010davanju trgovine ljudima, a osnovni ciljevi tih nastojanja sadr\u017eani su u Akcionom planu suprotstavljanja trgovine ljudima 2016-2019. Akcioni je usvojen od strane Vije\u0107a ministara u decembru 2015 godine, te su u toku aktivnosti na realizaciji ciljeva predvi\u0111enih navedenim dokumentom. Neki od tih ciljeva su prevencija trgovine ljudima, za\u0161tita \u017ertava i svjedoka trgovine ljudima, kao i energi\u010dnije krivi\u010dno gonjenje po\u010dinilaca ovog te\u0161kog krivi\u010dnog djela\u201d, navedeno je u odgovoru.<\/p>\n\n\n\n<p>Za suzbijanje trgovine ljudima potrebno je uvezivanje cijelog lanca \u2013 po\u010dev\u0161i od policije, centara za socijalni rad, pa do pravosu\u0111a.<\/p>\n\n\n\n<p>Izvor: fokus.ba<\/p>\n","protected":false},"excerpt":{"rendered":"<p>U pro\u0161loj godini su u Bosni i Hercegovini, prema podacima dr\u017eavnog koordinatora za borbu protiv trgovine ljudima i ilegalne migracije, identifikovane 83 potencijalne u svrhu radne i seksualne eksploatacije, prosja\u010denja i prisilnih brakova, javlja&nbsp;Radio Slobodna Evropa. Od ukupnog broja \u017ertava trgovine ljudima 36 osoba su punoljetne, a 47 ih je maloljetnih. Osobe \u017eenskog pola \u010de\u0161\u0107e [&hellip;]<\/p>\n","protected":false},"author":59,"featured_media":34395,"comment_status":"open","ping_status":"closed","sticky":false,"template":"","format":"standard","meta":{"inline_featured_image":false,"footnotes":""},"categories":[376,37,38],"tags":[],"class_list":{"0":"post-34394","1":"post","2":"type-post","3":"status-publish","4":"format-standard","5":"has-post-thumbnail","7":"category-featured","8":"category-vijesti","9":"category-vijesti-iz-bih"},"acf":[],"_links":{"self":[{"href":"https:\/\/tvsensor.com\/api\/wp\/v2\/posts\/34394","targetHints":{"allow":["GET"]}}],"collection":[{"href":"https:\/\/tvsensor.com\/api\/wp\/v2\/posts"}],"about":[{"href":"https:\/\/tvsensor.com\/api\/wp\/v2\/types\/post"}],"author":[{"embeddable":true,"href":"https:\/\/tvsensor.com\/api\/wp\/v2\/users\/59"}],"replies":[{"embeddable":true,"href":"https:\/\/tvsensor.com\/api\/wp\/v2\/comments?post=34394"}],"version-history":[{"count":4,"href":"https:\/\/tvsensor.com\/api\/wp\/v2\/posts\/34394\/revisions"}],"predecessor-version":[{"id":35482,"href":"https:\/\/tvsensor.com\/api\/wp\/v2\/posts\/34394\/revisions\/35482"}],"wp:featuredmedia":[{"embeddable":true,"href":"https:\/\/tvsensor.com\/api\/wp\/v2\/media\/34395"}],"wp:attachment":[{"href":"https:\/\/tvsensor.com\/api\/wp\/v2\/media?parent=34394"}],"wp:term":[{"taxonomy":"category","embeddable":true,"href":"https:\/\/tvsensor.com\/api\/wp\/v2\/categories?post=34394"},{"taxonomy":"post_tag","embeddable":true,"href":"https:\/\/tvsensor.com\/api\/wp\/v2\/tags?post=34394"}],"curies":[{"name":"wp","href":"https:\/\/api.w.org\/{rel}","templated":true}]}}