{"id":34370,"date":"2023-10-21T10:58:44","date_gmt":"2023-10-21T09:58:44","guid":{"rendered":"https:\/\/tvsensor.com\/?p=34370"},"modified":"2024-01-15T21:24:06","modified_gmt":"2024-01-15T20:24:06","slug":"becirovic-u-audijenciji-kod-pape-franje-u-vatikanu","status":"publish","type":"post","link":"https:\/\/tvsensor.com\/clanak\/becirovic-u-audijenciji-kod-pape-franje-u-vatikanu\/","title":{"rendered":"Be\u0107irovi\u0107 u audijenciji kod pape Franje u Vatikanu"},"content":{"rendered":"\n<p>Objavljeno: 21.10.2023. 09:25Ure\u0111eno: 21.10.2023. 09:25<\/p>\n\n\n\n<p>\u010clan Predsjedni\u0161tva BiH Denis Be\u0107irovi\u0107 danas je u slu\u017ebenoj posjeti Svetoj Stolici. Tokom privatne audijencije Be\u0107irovi\u0107 \u0107e razgovarati s papom Franjom.<\/p>\n\n\n\n<p>Nakon audijencije kod pape Franje, planiran je susret s dr\u017eavnim sekretarom Svete Stolice kardinalom Pietrom Parolinom i sekretarom Svete Stolice za odnose s dr\u017eavama nadbiskupom Paulom Richardom Gallagherom, saop\u0107eno je iz Kabineta \u010dlana Predsjedni\u0161tva BiH Denisa Be\u0107irovi\u0107a.<\/p>\n\n\n\n<p>Sveta Stolica priznala je Bosnu i Hercegovinu 7. aprila 1992. godine. Diplomatski odnosi izme\u0111u Bosne i Hercegovine i Svete Stolice uspostavljeni su 20. augusta 1992. godine.<\/p>\n\n\n\n<p>Odnosi Bosne i Hercegovine i Svete Stolice ocjenjuju se kao prijateljski, uz visoku razinu razumijevanja i uva\u017eavanja. Bosna i Hercegovina je ugostila dvojicu poglavara Svete Stolice tri puta od uspostavljanja diplomatskih odnosa: papa Ivan Pavao II posjetio je Sarajevo 1997. godine i Banjua Luku 2003. godine, a papa Franjo je posjetio Sarajevo 2015. godine.<\/p>\n\n\n\n<p>federalna.ba<\/p>\n","protected":false},"excerpt":{"rendered":"<p>Objavljeno: 21.10.2023. 09:25Ure\u0111eno: 21.10.2023. 09:25 \u010clan Predsjedni\u0161tva BiH Denis Be\u0107irovi\u0107 danas je u slu\u017ebenoj posjeti Svetoj Stolici. Tokom privatne audijencije Be\u0107irovi\u0107 \u0107e razgovarati s papom Franjom. Nakon audijencije kod pape Franje, planiran je susret s dr\u017eavnim sekretarom Svete Stolice kardinalom Pietrom Parolinom i sekretarom Svete Stolice za odnose s dr\u017eavama nadbiskupom Paulom Richardom Gallagherom, saop\u0107eno [&hellip;]<\/p>\n","protected":false},"author":59,"featured_media":34371,"comment_status":"open","ping_status":"closed","sticky":false,"template":"","format":"standard","meta":{"inline_featured_image":false,"footnotes":""},"categories":[43,376,37,38],"tags":[],"class_list":{"0":"post-34370","1":"post","2":"type-post","3":"status-publish","4":"format-standard","5":"has-post-thumbnail","7":"category-bih","8":"category-featured","9":"category-vijesti","10":"category-vijesti-iz-bih"},"acf":[],"_links":{"self":[{"href":"https:\/\/tvsensor.com\/api\/wp\/v2\/posts\/34370","targetHints":{"allow":["GET"]}}],"collection":[{"href":"https:\/\/tvsensor.com\/api\/wp\/v2\/posts"}],"about":[{"href":"https:\/\/tvsensor.com\/api\/wp\/v2\/types\/post"}],"author":[{"embeddable":true,"href":"https:\/\/tvsensor.com\/api\/wp\/v2\/users\/59"}],"replies":[{"embeddable":true,"href":"https:\/\/tvsensor.com\/api\/wp\/v2\/comments?post=34370"}],"version-history":[{"count":3,"href":"https:\/\/tvsensor.com\/api\/wp\/v2\/posts\/34370\/revisions"}],"predecessor-version":[{"id":35486,"href":"https:\/\/tvsensor.com\/api\/wp\/v2\/posts\/34370\/revisions\/35486"}],"wp:featuredmedia":[{"embeddable":true,"href":"https:\/\/tvsensor.com\/api\/wp\/v2\/media\/34371"}],"wp:attachment":[{"href":"https:\/\/tvsensor.com\/api\/wp\/v2\/media?parent=34370"}],"wp:term":[{"taxonomy":"category","embeddable":true,"href":"https:\/\/tvsensor.com\/api\/wp\/v2\/categories?post=34370"},{"taxonomy":"post_tag","embeddable":true,"href":"https:\/\/tvsensor.com\/api\/wp\/v2\/tags?post=34370"}],"curies":[{"name":"wp","href":"https:\/\/api.w.org\/{rel}","templated":true}]}}