{"id":34345,"date":"2023-10-21T09:43:17","date_gmt":"2023-10-21T08:43:17","guid":{"rendered":"https:\/\/tvsensor.com\/?p=34345"},"modified":"2024-01-15T21:24:09","modified_gmt":"2024-01-15T20:24:09","slug":"izvjestaj-s-mirnog-skupa-u-centru-tirane-u-podrsci-palestincima","status":"publish","type":"post","link":"https:\/\/tvsensor.com\/clanak\/izvjestaj-s-mirnog-skupa-u-centru-tirane-u-podrsci-palestincima\/","title":{"rendered":"Video s mirnog skupa podr\u0161ke Palestincima u centru Tirane"},"content":{"rendered":"\n<p>U centru Tirane u znak podr\u0161ke Palestincima, prisutni gra\u0111ani su danas zajedno iza\u017eli na mirne proteste i kako bi izrazili svoju solidarnost i suosje\u0107anje prema narodu Palestine. Skup je bio obilje\u017een govorima, transparentima i transparentima sa sloganima podr\u0161ke palestinskom pravu na slobodu i neovisnost. Ljudi svih dobnih skupina i razli\u010ditih kulturnih i religijskih pozadina okupili su se kako bi zajedno poslali sna\u017enu poruku solidarnosti albanskog naroda. Ovaj mirni skup podsje\u0107a nas na va\u017enost podr\u0161ke pravednim uzrocima i nu\u017enost zajedni\u010dkog djelovanja u svrhu ostvarivanja mira i pravde u svijetu.<\/p>\n","protected":false},"excerpt":{"rendered":"<p>U centru Tirane u znak podr\u0161ke Palestincima, prisutni gra\u0111ani su danas zajedno iza\u017eli na mirne proteste i kako bi izrazili svoju solidarnost i suosje\u0107anje prema narodu Palestine. Skup je bio obilje\u017een govorima, transparentima i transparentima sa sloganima podr\u0161ke palestinskom pravu na slobodu i neovisnost. Ljudi svih dobnih skupina i razli\u010ditih kulturnih i religijskih pozadina okupili [&hellip;]<\/p>\n","protected":false},"author":59,"featured_media":34349,"comment_status":"open","ping_status":"closed","sticky":false,"template":"","format":"video","meta":{"inline_featured_image":false,"footnotes":""},"categories":[376,1241,72,1192,1244],"tags":[],"class_list":{"0":"post-34345","1":"post","2":"type-post","3":"status-publish","4":"format-video","5":"has-post-thumbnail","7":"category-featured","8":"category-politika-video-galerija","9":"category-video-galerija","10":"category-vijesti-video-galerija","11":"category-zanimljivosti-video-galerija","12":"post_format-post-format-video"},"acf":[],"_links":{"self":[{"href":"https:\/\/tvsensor.com\/api\/wp\/v2\/posts\/34345","targetHints":{"allow":["GET"]}}],"collection":[{"href":"https:\/\/tvsensor.com\/api\/wp\/v2\/posts"}],"about":[{"href":"https:\/\/tvsensor.com\/api\/wp\/v2\/types\/post"}],"author":[{"embeddable":true,"href":"https:\/\/tvsensor.com\/api\/wp\/v2\/users\/59"}],"replies":[{"embeddable":true,"href":"https:\/\/tvsensor.com\/api\/wp\/v2\/comments?post=34345"}],"version-history":[{"count":6,"href":"https:\/\/tvsensor.com\/api\/wp\/v2\/posts\/34345\/revisions"}],"predecessor-version":[{"id":35488,"href":"https:\/\/tvsensor.com\/api\/wp\/v2\/posts\/34345\/revisions\/35488"}],"wp:featuredmedia":[{"embeddable":true,"href":"https:\/\/tvsensor.com\/api\/wp\/v2\/media\/34349"}],"wp:attachment":[{"href":"https:\/\/tvsensor.com\/api\/wp\/v2\/media?parent=34345"}],"wp:term":[{"taxonomy":"category","embeddable":true,"href":"https:\/\/tvsensor.com\/api\/wp\/v2\/categories?post=34345"},{"taxonomy":"post_tag","embeddable":true,"href":"https:\/\/tvsensor.com\/api\/wp\/v2\/tags?post=34345"}],"curies":[{"name":"wp","href":"https:\/\/api.w.org\/{rel}","templated":true}]}}