{"id":33985,"date":"2021-09-15T17:53:01","date_gmt":"2021-09-15T16:53:01","guid":{"rendered":"https:\/\/senzor.ba\/?p=33985"},"modified":"2024-01-15T21:25:05","modified_gmt":"2024-01-15T20:25:05","slug":"imam-iz-gradacca-osvojio-2-mjesto-u-powerliftingu","status":"publish","type":"post","link":"https:\/\/tvsensor.com\/clanak\/imam-iz-gradacca-osvojio-2-mjesto-u-powerliftingu\/","title":{"rendered":"Imam iz Grada\u010dca osvojio 2. mjesto u powerliftingu"},"content":{"rendered":"\n<p>Jedan od omiljenijih grada\u010da\u010dkih efendija, mladi Selvir Mujanovi\u0107, pored imamske du\u017enosti godinama se aktivno bavi i sportom, a ve\u0107i dio svog vremena provodi i u teretani. <\/p>\n\n\n\n<p>Za vrlo kratak period, Selvir efendija je snagom \u010deli\u010dne volje, i velikom odlu\u010dno\u0161\u0107u u potpunosti transformisao svoj tjelesni izgled, a u nedjelju je na svom prvom takmi\u010denju ostvario ogroman uspjeh osvojiv\u0161i drugo mjesto na u powerliftingu kojim se, kako je istakao, bavi tek ne\u0161to vi\u0161e od mjesec dana. <\/p>\n\n\n\n<p>Mujanovi\u0107 se takmi\u010dio u tri discipline: bench, \u010du\u010danj te mrtvo dizanje osvojiv\u0161i 2. mjesto u sve tri discipline.<\/p>\n","protected":false},"excerpt":{"rendered":"<p>Jedan od omiljenijih grada\u010da\u010dkih efendija, mladi Selvir Mujanovi\u0107, pored imamske du\u017enosti godinama se aktivno bavi i sportom, a ve\u0107i dio svog vremena provodi i u teretani. Za vrlo kratak period, Selvir efendija je snagom \u010deli\u010dne volje, i velikom odlu\u010dno\u0161\u0107u u potpunosti transformisao svoj tjelesni izgled, a u nedjelju je na svom prvom takmi\u010denju ostvario ogroman [&hellip;]<\/p>\n","protected":false},"author":57,"featured_media":33986,"comment_status":"open","ping_status":"closed","sticky":false,"template":"","format":"video","meta":{"inline_featured_image":false,"footnotes":""},"categories":[43,1248],"tags":[1517,1519],"class_list":{"0":"post-33985","1":"post","2":"type-post","3":"status-publish","4":"format-video","5":"has-post-thumbnail","7":"category-bih","8":"category-sport-video-galerija","9":"tag-selvir-mujanovic","10":"tag-takmicenje","11":"post_format-post-format-video"},"acf":[],"_links":{"self":[{"href":"https:\/\/tvsensor.com\/api\/wp\/v2\/posts\/33985","targetHints":{"allow":["GET"]}}],"collection":[{"href":"https:\/\/tvsensor.com\/api\/wp\/v2\/posts"}],"about":[{"href":"https:\/\/tvsensor.com\/api\/wp\/v2\/types\/post"}],"author":[{"embeddable":true,"href":"https:\/\/tvsensor.com\/api\/wp\/v2\/users\/57"}],"replies":[{"embeddable":true,"href":"https:\/\/tvsensor.com\/api\/wp\/v2\/comments?post=33985"}],"version-history":[{"count":3,"href":"https:\/\/tvsensor.com\/api\/wp\/v2\/posts\/33985\/revisions"}],"predecessor-version":[{"id":34051,"href":"https:\/\/tvsensor.com\/api\/wp\/v2\/posts\/33985\/revisions\/34051"}],"wp:featuredmedia":[{"embeddable":true,"href":"https:\/\/tvsensor.com\/api\/wp\/v2\/media\/33986"}],"wp:attachment":[{"href":"https:\/\/tvsensor.com\/api\/wp\/v2\/media?parent=33985"}],"wp:term":[{"taxonomy":"category","embeddable":true,"href":"https:\/\/tvsensor.com\/api\/wp\/v2\/categories?post=33985"},{"taxonomy":"post_tag","embeddable":true,"href":"https:\/\/tvsensor.com\/api\/wp\/v2\/tags?post=33985"}],"curies":[{"name":"wp","href":"https:\/\/api.w.org\/{rel}","templated":true}]}}