{"id":33656,"date":"2021-08-22T19:48:03","date_gmt":"2021-08-22T18:48:03","guid":{"rendered":"https:\/\/senzor.ba\/?p=33656"},"modified":"2024-01-15T21:25:31","modified_gmt":"2024-01-15T20:25:31","slug":"stefan-unic-mladi-naucnik-iz-srbije-nize-uspjeh-za-uspjehom","status":"publish","type":"post","link":"https:\/\/tvsensor.com\/clanak\/stefan-unic-mladi-naucnik-iz-srbije-nize-uspjeh-za-uspjehom\/","title":{"rendered":"Stefan Uni\u0107 \u2013 mladi nau\u010dnik iz Srbije ni\u017ee uspjeh za uspjehom"},"content":{"rendered":"\n<p><strong>Kako je odrastanje u siroma\u0161tvu i nema\u0161tini uticalo na mladog srpskog nau\u010dnika Stefana Uni\u0107a da bude bolji \u010dovek<\/strong><\/p>\n\n\n\n<p><em>Mladi inovator i student proizvodnog ma\u0161instva iz Trstenika <strong>Stefan Uni\u0107 (23)<\/strong> u \u017eivotu je pro\u0161ao kroz pravi pakao i borio se sa ozbiljnim porodi\u010dnim problemima u kojima je uvijek izlazio kao pobjednik.<\/em><\/p>\n\n\n\n<p>\u201eKod mene inspiracija nikada ne prolazi, ona konstantno dolazi. Bilo je puno situacija kada mi se ni\u0161ta nije radilo, kada sam prolazio kroz ozbiljne porodi\u010dne probleme. Oduvijek sam ma\u0161tao i sanjao samo mir\u201c.<\/p>\n\n\n\n<p>Dobro poznato ime i prezime u regionu \u2013 <strong>Stefan Uni\u0107<\/strong>. On je poznati inovator iz Srbije koji studira ma\u0161instvo na Akademiji Strukovnih studija \u0160umadija sa odsjekom u Trsteniku. Postao je popularan po svom izumu \u201e<em>Personalizovani orgonit<\/em>\u201c \u2013 <em>Stefonit<\/em>, ina\u010de njegovom prvom projektu za koji je dobio svjetske i doma\u0107e nagrade i priznanja.<\/p>\n\n\n\n<p>Od titule mladog inovatora, istra\u017eiva\u010da do Oktobarske nagrade-Stefan je skroman i prizeman mladi\u0107, a cilj mu je da promovi\u0161e nauku kod mladih. \u017divot ga nije mazio. Kao dijete je prolazio kroz mnogo porodi\u010dne traume i drame a ponajvi\u0161e onda kada su roditelji \u017eeljeli da se razvedu.<\/p>\n\n\n\n<p>Sa 17 godina dobio je hipertenziju, a imao je i saobra\u0107ajnu nesre\u0107u. Odrastao je sa majkom dok mu je otac bio u ratu. Kako on ka\u017ee, najvi\u0161e u \u017eivotu je zahvalan svojoj majci koja ga je nau\u010dila da bude dobar \u010dovjek. Stefan dolazi iz malog mjesta nadomak Trstenika gdje trenutno \u017eivi i studira. Kako je zadr\u017eao pozitivnost i nakon te\u0161kih situacija i isku\u0161enja i \u010demu ga je sve to nau\u010dilo, Uni\u0107 govori za na\u0161 portal.<\/p>\n\n\n\n<p><strong>Stefane, kako biste Vi sebe opisali?<\/strong><strong><\/strong><\/p>\n\n\n\n<p><em>Stefan Uni\u0107 iz Trstenika je jedno skromno i povu\u010deno dijete. Ja sebe ne bih mogao nikako da opi\u0161em, to ne umijem i ne znam. Ali, u \u017eivotu sam nekoliko puta vidio da je i va\u017eno \u0161ta drugi o vama misle.<\/em><\/p>\n\n\n\n<p><strong>U mnogim gostovanjima pri\u010date o svom \u017eivotu onakav kakav jeste i ne glumite la\u017eni sjaj. \u010cesto ste pri\u010dali o temama iz privatnog \u017eivota koje bi rijetko ko podijelio sa tako velikim auditorijumom. Kako Vam polazi za rukom da budete tako brutalno otvoreni i iskreni, bez la\u017enog sjaja?<\/strong><strong><\/strong><\/p>\n\n\n\n<p>\u017delio bih prije svega da Vam se zahvalim na ovom pitanju. Ta\u010dno je da pri\u010dam o svom privatnom \u017eivotu koji nije bio savr\u0161en. Jednostavno, ne mo\u017ee svako da bude i da ima ne\u0161to savr\u0161eno. Svi smo ljudi od krvi i mesa. Sav taj la\u017eni sjaj koji glumite, kasnije do\u0111e i iza\u0111e na videlo. Nikada nisam imao probelem da pri\u010dam o privatnom \u017eivotu i to podijelim sa milionskim auditorijom. Znam da tu ima i mladih i da im poma\u017eem u nekom pogledu.<\/p>\n\n\n\n<p><strong>Koja je najbitnija poruka koju \u017eelite da prenesete svojim li\u010dnim primjerom?<\/strong><\/p>\n\n\n\n<p><em>Mo\u017eda \u0107e zvu\u010dati kao kli\u0161e, ali budite svoji. Budite jedinstveni i jednostavno opu\u0161teni i svojstveni. Cilj mi je da kod mladih probudim \u017eelju da se bave naukom i da vide da i neko ko je poznat i javna li\u010dnost ima puno problema od porodi\u010dnih do onih svakodnevnih.<\/em><\/p>\n\n\n\n<p><strong>Skoro uvijek ste nasmijani. Jeste li nekada morali staviti la\u017eni osmeh i pri\u010dati pred hiljadama ljudi, dok se u Vama sve lomilo?<\/strong><\/p>\n\n\n\n<p>Naravno da jeste. I to hiljadu puta. Ja sam vje\u010dito nasmijan lik koji vlastitim osmijehom pokre\u0107e volju za sopstvenim \u017eivotom. Da mi nije osmijeha, odavno me ne bi bilo.<\/p>\n\n\n\n<p><strong>Gledaocima, prijateljima i publici otkrili ste detalje i Va\u0161e \u017eivotne pri\u010de. Je li bilo te\u0161ko to podijeliti s tolikim brojem ljudi koje nikada ranije niste vidjeli?<\/strong><\/p>\n\n\n\n<p>-Ne, za\u0161to bi bilo te\u0161ko. Moj \u017eivot je jedna velika tragedija i tunel kome se ne nazire kraj. Odrastao sam sa majkom bez oca. Otac mi je oti\u0161ao u rat i vratio se tek kada sam napunio 6 godina, tako da tu o\u010dinsku ljubav nisam ni imao. Djed me je odhranio, majka nije imala nikakvo primanje pa \u010dak ni da mi kupi lekove koje bebe trebaju da piju. Kada sam napunio 17 godina, igrom slu\u010daja imao sam neke tegobe koje su rezurtirale hipertenzijom. Saobra\u0107ajnu nesre\u0107u sam imao kada me je auto udarilo i imao sam ozbiljnih problema. Ali Bog me uvijek \u010duvao.<\/p>\n\n\n\n<p><strong>Vremenom ste u regiji postali poprili\u010dno popularni. Kako gledate na tu popularnost koju sti\u010dete svojim uspjesima?<\/strong><\/p>\n\n\n\n<p>Ja uop\u0161te ne osje\u0107am nikakvu popularnost. Ja sam i dalje Stefan Uni\u0107 koji \u017eivi normalno, razgovara sa mje\u0161tanima. Kupuje ujutru hljeb u pekari i pri\u010da sa obli\u017enjim kom\u0161ijama. Ja ne mogu da budem zvijezda jer okolnosti u kojima sam izrastao mi to nisu dozvoljavale. Bili smo jako siroma\u0161ni kada sam bio mali, tada niko nije \u017eelio da se dru\u017ei sa mnom. Nisam imao drugare i prijatelje. Ostao sam bez njih i bio sam jako tu\u017ean.<\/p>\n\n\n\n<p><strong>Da niste mladi inovator, \u0161ta biste bili? Koje je Va\u0161e zanimanje iz snova?<\/strong><\/p>\n\n\n\n<p>Ja sam student, a oduvijek sam ma\u0161tao i volio bih da radim ne\u0161to u vezi ma\u0161instva. Da budem ma\u0161inski in\u017einjer. Eto, to bi bio moj posao iz snova.<\/p>\n\n\n\n<p><strong>Kakvu budu\u0107nost vidite pred sobom za 10-15 godina?<\/strong><\/p>\n\n\n\n<p>Sanjam mir, sanjam samo da imam puno pravih prijatelja i \u017eivotinja. \u017divim na selu, sve to imam i ne patim za nekim mnogo boljim stvarima. A sebe za 10-15 godina vidim tu gdje sam i sada, u Trsteniku. Nemam neke posebne ambicije i \u017eelje. Ja volim da vrijeme sve to lijepo iskle\u0161e.<\/p>\n\n\n\n<p><strong>Da li mo\u017ee da se \u017eivi od ma\u0161instva i inovacija u balkanskom podneblju<\/strong><strong>?<\/strong><\/p>\n\n\n\n<p>Itekako se mo\u017ee lijepo \u017eivjeti, pa ljudi imperiju sagrade sebi od tog posla. Hvala mojoj majci \u0161to me je nau\u010dila pravim vrijednostima, a novac ne postoji &#8211; nadam da smo svi to shvatil<\/p>\n","protected":false},"excerpt":{"rendered":"<p>Kako je odrastanje u siroma\u0161tvu i nema\u0161tini uticalo na mladog srpskog nau\u010dnika Stefana Uni\u0107a da bude bolji \u010dovek Mladi inovator i student proizvodnog ma\u0161instva iz Trstenika Stefan Uni\u0107 (23) u \u017eivotu je pro\u0161ao kroz pravi pakao i borio se sa ozbiljnim porodi\u010dnim problemima u kojima je uvijek izlazio kao pobjednik. \u201eKod mene inspiracija nikada ne [&hellip;]<\/p>\n","protected":false},"author":57,"featured_media":33657,"comment_status":"open","ping_status":"closed","sticky":false,"template":"","format":"standard","meta":{"inline_featured_image":false,"footnotes":""},"categories":[376,37],"tags":[1469,1467],"class_list":{"0":"post-33656","1":"post","2":"type-post","3":"status-publish","4":"format-standard","5":"has-post-thumbnail","7":"category-featured","8":"category-vijesti","9":"tag-mladi-naucnik","10":"tag-stefan-unic"},"acf":[],"_links":{"self":[{"href":"https:\/\/tvsensor.com\/api\/wp\/v2\/posts\/33656","targetHints":{"allow":["GET"]}}],"collection":[{"href":"https:\/\/tvsensor.com\/api\/wp\/v2\/posts"}],"about":[{"href":"https:\/\/tvsensor.com\/api\/wp\/v2\/types\/post"}],"author":[{"embeddable":true,"href":"https:\/\/tvsensor.com\/api\/wp\/v2\/users\/57"}],"replies":[{"embeddable":true,"href":"https:\/\/tvsensor.com\/api\/wp\/v2\/comments?post=33656"}],"version-history":[{"count":2,"href":"https:\/\/tvsensor.com\/api\/wp\/v2\/posts\/33656\/revisions"}],"predecessor-version":[{"id":33679,"href":"https:\/\/tvsensor.com\/api\/wp\/v2\/posts\/33656\/revisions\/33679"}],"wp:featuredmedia":[{"embeddable":true,"href":"https:\/\/tvsensor.com\/api\/wp\/v2\/media\/33657"}],"wp:attachment":[{"href":"https:\/\/tvsensor.com\/api\/wp\/v2\/media?parent=33656"}],"wp:term":[{"taxonomy":"category","embeddable":true,"href":"https:\/\/tvsensor.com\/api\/wp\/v2\/categories?post=33656"},{"taxonomy":"post_tag","embeddable":true,"href":"https:\/\/tvsensor.com\/api\/wp\/v2\/tags?post=33656"}],"curies":[{"name":"wp","href":"https:\/\/api.w.org\/{rel}","templated":true}]}}