{"id":33539,"date":"2021-08-17T09:36:51","date_gmt":"2021-08-17T08:36:51","guid":{"rendered":"https:\/\/senzor.ba\/?p=33539"},"modified":"2024-01-15T21:25:43","modified_gmt":"2024-01-15T20:25:43","slug":"koliko-danas-vrijedi-zlatni-ljiljan-i-status-borca-za-domovinu","status":"publish","type":"post","link":"https:\/\/tvsensor.com\/clanak\/koliko-danas-vrijedi-zlatni-ljiljan-i-status-borca-za-domovinu\/","title":{"rendered":"Koliko danas vrijedi \u201cZlatni ljiljan\u201d i status borca za domovinu?"},"content":{"rendered":"\n<p>\u201cNi\u0161ta!\u201d Ovako bi vam vrlo vjerovatno na ovo pitanje odgovorio Fahrudin Osmanovi\u0107 iz Gra\u010danice,&nbsp; borac Armije Republike Bosne i Hercegovine koji danas, u deseto\u010dlanoj porodici, le\u017ei prikovan za krevet nakon trajnog o\u0161te\u0107enja ki\u010dme, \u010dekaju\u0107i pomo\u0107 ponajprije u hrani, pa zatim i u drugim osnovnim potrep\u0161tinama.<\/p>\n\n\n\n<p>Sabahudin \u0106osi\u0107, pripadnik 105.motorizovane brigade koji je oti\u0161ao pred zgradu Vlade kantona Sarajevo kako bi se zapalio, vjerovatno vam ne bi ni\u0161ta odgovorio. Vjerovatno bi i zaplakao da ga to upitate. A \u0161ta li bi na ovo pitanje odgovorio Edin Cibra koji je u odbranu domovine stao sa svojih 16 godina, te je brane\u0107i Sarajevo ostao bez noge. Dugo nakon agresije Edin je \u017eivio kao besku\u0107nik, bez posla, bez ikakvih primanja. Da li bi vam odgovorio borac Hajrudin Osman\u010devi\u0107 koji je osijedio \u010dekaju\u0107i dan kada \u0107e ga delo\u017eirati iz njegove garsonijerice u Sarajevu u kojoj je \u017eivio sam nakon smrti svoje supruge?<\/p>\n\n\n\n<p>Ovo pitanje vi\u0161e ne mo\u017eete postaviti onim borcima koji su ipak na tragi\u010dan na\u010din odlu\u010dili napustiti ovaj svijet oduzev\u0161i sebi \u017eivot. Njih ima nekoliko hiljada.<\/p>\n\n\n\n<p>U ve\u0107ini preduze\u0107a za rad se koriste papiri, hemijske olovke, vre\u0107ice, itd., ne\u0161to \u0161to se u poslovnom rje\u010dniku navodi kao \u201cpotro\u0161ni materijal\u201d. Kada imate \u010dovjeka koji je odlu\u010dio ostati u domovini onda kada je bilo najte\u017ee, koji je \u010dvrsto odlu\u010dio odbraniti svoj komad zemlje od agresora \u017ertvuju\u0107i svoju mladost, svoje zdravlje, mnogi i svoj \u017eivot, svoje porodice, te kada takav \u010dovjek u tom procesu ostane bez noge, naru\u0161enog mentalnog zdravlja, a vi ga, da ste recimo bosanskohercegova\u010dka vlast, ignori\u0161ete, dajete mu primanja dovoljna tek da pre\u017eivi, ne vode\u0107i ra\u010duna o njegovoj djeci i o op\u0107em stanju, onda je taj borac izgubio status \u010dovjeka i ljudskog bi\u0107a i postao \u201cpotro\u0161ni materijal\u201d.<\/p>\n\n\n\n<p>\u0160ta mislite imaju li za te zaboravljene heroje dani Armije, Zlatnih ljiljana, bilo kakvu vrijednost danas, uzev\u0161i u obzir da su mnogi osu\u0111eni na milost i nemilost politi\u010dkih subjekata koji su na pozicije koje danas zauzimaju na svim nivoima i do\u0161li zahvaljuju\u0107i \u017ertvi onih koje su sveli na nivo \u201cpotro\u0161nog materijala\u201d? Vrijedi li Dan Armije RBIH \u010dovjeku koji \u0107e na TV ekranu gledati licemjere u odijelima dok u\u010de suru El-Fatiha na mezaru prvog Predsjednika Predsjedni\u0161tva Bosne i Hercegovine, dok njegova djeca praznih stomaka sjede oko njega?<\/p>\n\n\n\n<p>Koliko osobe sa invaliditetom, uzmimo za drugi primjer, imaju koristi od njihovih \u201cDana\u201d u godini? Dolazak u \u017ei\u017eu javnosti samo na jedan dan kako bi neko \u010duv\u0161i za va\u0161 status samo duboko uzdahnuo i nastavio dalje sa \u017eivotom veoma je poni\u017eavaju\u0107e kada uzmete u obzir da ste i vi, kao osoba sa invaliditetom u istoj mjeri \u017eeljni posla, uspjeha i napretka, porodi\u010dnog \u017eivota onoliko koliko vam je za to preostalo mogu\u0107nosti i sposobnosti, ali vas 364 dana niko ne posje\u0107uje, niko se za vas ne zanima, niko vas ne pita \u0161ta i koliko mo\u017eete raditi, svaki dan otvarate Konkurse i vidite da nema niti jednog, a onda se taj jedan dan u godini za vas mnogi naglo zainteresuju, da bi se sutra sve vratilo na staro.<\/p>\n\n\n\n<p>Kakav primjer ovakvim odnosom \u0161alje bosanskohercegova\u010dka vlast? Zna\u010di li to da \u0107ete sutra, ukoliko do\u0111e (ne daj Bo\u017ee) do novih sukoba i agresije na Va\u0161u domovinu, pa pri tome ostanete bez jedne ili obje ruke I noge, slijepi ili potpuno nepokretni, biti osu\u0111eni na pre\u017eivljavanje, glad i delo\u017eaciju? Koliko je uop\u0161te mladih spremno stati u odbranu domovine ukoliko za time opet bude potrebe?<\/p>\n\n\n\n<p>Kakav primjer \u0161aljete mladima, odnosno preostaloj omladini u na\u0161oj zemlji, od kojih ve\u0107ina svakako kada zatvori o\u010di vidi \u0160vicarsku, Austriju, Sloveniju i Njema\u010dku odnosom punim zanemarivanja i nezainteresovanosti prema osobama sa invaliditetom? Zna\u010di li to da ste dr\u017eavi dobri dok ste optimalnog zdravlja. Sve ostalo za vas nije dobitna kombinacija, i postajete tehnolo\u0161ki, ljudski i svaki drugi vi\u0161ak u ovom nakaradnom sistemu?<\/p>\n\n\n\n<p>Koliku vrijednost za vas ima jedan dan u godini?<\/p>\n","protected":false},"excerpt":{"rendered":"<p>\u201cNi\u0161ta!\u201d Ovako bi vam vrlo vjerovatno na ovo pitanje odgovorio Fahrudin Osmanovi\u0107 iz Gra\u010danice,&nbsp; borac Armije Republike Bosne i Hercegovine koji danas, u deseto\u010dlanoj porodici, le\u017ei prikovan za krevet nakon trajnog o\u0161te\u0107enja ki\u010dme, \u010dekaju\u0107i pomo\u0107 ponajprije u hrani, pa zatim i u drugim osnovnim potrep\u0161tinama. Sabahudin \u0106osi\u0107, pripadnik 105.motorizovane brigade koji je oti\u0161ao pred zgradu [&hellip;]<\/p>\n","protected":false},"author":57,"featured_media":33540,"comment_status":"open","ping_status":"closed","sticky":false,"template":"","format":"standard","meta":{"inline_featured_image":false,"footnotes":""},"categories":[43,67,70],"tags":[1441,1443,1440],"class_list":{"0":"post-33539","1":"post","2":"type-post","3":"status-publish","4":"format-standard","5":"has-post-thumbnail","7":"category-bih","8":"category-blog","9":"category-razmisljam-naglas","10":"tag-borac","11":"tag-vlast","12":"tag-zlatni-ljiljan"},"acf":[],"_links":{"self":[{"href":"https:\/\/tvsensor.com\/api\/wp\/v2\/posts\/33539","targetHints":{"allow":["GET"]}}],"collection":[{"href":"https:\/\/tvsensor.com\/api\/wp\/v2\/posts"}],"about":[{"href":"https:\/\/tvsensor.com\/api\/wp\/v2\/types\/post"}],"author":[{"embeddable":true,"href":"https:\/\/tvsensor.com\/api\/wp\/v2\/users\/57"}],"replies":[{"embeddable":true,"href":"https:\/\/tvsensor.com\/api\/wp\/v2\/comments?post=33539"}],"version-history":[{"count":1,"href":"https:\/\/tvsensor.com\/api\/wp\/v2\/posts\/33539\/revisions"}],"predecessor-version":[{"id":33541,"href":"https:\/\/tvsensor.com\/api\/wp\/v2\/posts\/33539\/revisions\/33541"}],"wp:featuredmedia":[{"embeddable":true,"href":"https:\/\/tvsensor.com\/api\/wp\/v2\/media\/33540"}],"wp:attachment":[{"href":"https:\/\/tvsensor.com\/api\/wp\/v2\/media?parent=33539"}],"wp:term":[{"taxonomy":"category","embeddable":true,"href":"https:\/\/tvsensor.com\/api\/wp\/v2\/categories?post=33539"},{"taxonomy":"post_tag","embeddable":true,"href":"https:\/\/tvsensor.com\/api\/wp\/v2\/tags?post=33539"}],"curies":[{"name":"wp","href":"https:\/\/api.w.org\/{rel}","templated":true}]}}