{"id":33533,"date":"2021-08-17T08:47:11","date_gmt":"2021-08-17T07:47:11","guid":{"rendered":"https:\/\/senzor.ba\/?p=33533"},"modified":"2024-01-15T21:25:44","modified_gmt":"2024-01-15T20:25:44","slug":"facebook-zabranjuje-sve-sadrzaje-vezane-za-talibane","status":"publish","type":"post","link":"https:\/\/tvsensor.com\/clanak\/facebook-zabranjuje-sve-sadrzaje-vezane-za-talibane\/","title":{"rendered":"Facebook zabranjuje sve sadr\u017eaje vezane za talibane"},"content":{"rendered":"\n<p>Facebook je odlu\u010dio zabraniti sve \u010dlanke, fotografije, i druge sadr\u017eaje koji podr\u017eavaju talibane budu\u0107i da ih je kompanija proglasila teroristi\u010dkom organizacijom.<\/p>\n\n\n\n<p>U kompaniji isti\u010du da imaju posve\u0107en tim afganistanskih stru\u010dnjaka za pra\u0107enje i uklanjanje sadr\u017eaja povezanih sa ovom grupom.<\/p>\n\n\n\n<p>&#8220;Talibani su progla\u0161eni teroristi\u010dkom organizacijom prema ameri\u010dkim zakonima i zabranili smo im na\u0161e usluge prema na\u0161im pravilima o opasnim organizacijama. To zna\u010di da \u0107emo ukloniti ra\u010dune kojim upravljaju, ili kojima neko upravlja u njihovo ime, a zabranjujemo i pohvale, podr\u0161ku i pozitivno predstavljanje istih&#8221;, izjavio je za BBC portparol Facebooka.<\/p>\n\n\n\n<p>BBC\/Senzor<\/p>\n","protected":false},"excerpt":{"rendered":"<p>Facebook je odlu\u010dio zabraniti sve \u010dlanke, fotografije, i druge sadr\u017eaje koji podr\u017eavaju talibane budu\u0107i da ih je kompanija proglasila teroristi\u010dkom organizacijom. U kompaniji isti\u010du da imaju posve\u0107en tim afganistanskih stru\u010dnjaka za pra\u0107enje i uklanjanje sadr\u017eaja povezanih sa ovom grupom. &#8220;Talibani su progla\u0161eni teroristi\u010dkom organizacijom prema ameri\u010dkim zakonima i zabranili smo im na\u0161e usluge prema na\u0161im [&hellip;]<\/p>\n","protected":false},"author":57,"featured_media":33534,"comment_status":"open","ping_status":"closed","sticky":false,"template":"","format":"standard","meta":{"inline_featured_image":false,"footnotes":""},"categories":[45,37],"tags":[1437,1436,1438,1439],"class_list":{"0":"post-33533","1":"post","2":"type-post","3":"status-publish","4":"format-standard","5":"has-post-thumbnail","7":"category-svijet-ekonomija","8":"category-vijesti","9":"tag-afganistan","10":"tag-bbc","11":"tag-talibani","12":"tag-zabrana"},"acf":[],"_links":{"self":[{"href":"https:\/\/tvsensor.com\/api\/wp\/v2\/posts\/33533","targetHints":{"allow":["GET"]}}],"collection":[{"href":"https:\/\/tvsensor.com\/api\/wp\/v2\/posts"}],"about":[{"href":"https:\/\/tvsensor.com\/api\/wp\/v2\/types\/post"}],"author":[{"embeddable":true,"href":"https:\/\/tvsensor.com\/api\/wp\/v2\/users\/57"}],"replies":[{"embeddable":true,"href":"https:\/\/tvsensor.com\/api\/wp\/v2\/comments?post=33533"}],"version-history":[{"count":1,"href":"https:\/\/tvsensor.com\/api\/wp\/v2\/posts\/33533\/revisions"}],"predecessor-version":[{"id":33535,"href":"https:\/\/tvsensor.com\/api\/wp\/v2\/posts\/33533\/revisions\/33535"}],"wp:featuredmedia":[{"embeddable":true,"href":"https:\/\/tvsensor.com\/api\/wp\/v2\/media\/33534"}],"wp:attachment":[{"href":"https:\/\/tvsensor.com\/api\/wp\/v2\/media?parent=33533"}],"wp:term":[{"taxonomy":"category","embeddable":true,"href":"https:\/\/tvsensor.com\/api\/wp\/v2\/categories?post=33533"},{"taxonomy":"post_tag","embeddable":true,"href":"https:\/\/tvsensor.com\/api\/wp\/v2\/tags?post=33533"}],"curies":[{"name":"wp","href":"https:\/\/api.w.org\/{rel}","templated":true}]}}