{"id":33530,"date":"2021-08-17T08:23:35","date_gmt":"2021-08-17T07:23:35","guid":{"rendered":"https:\/\/senzor.ba\/?p=33530"},"modified":"2024-01-15T21:25:44","modified_gmt":"2024-01-15T20:25:44","slug":"na-danasnji-dan-umro-je-husein-kapetan-gradascevic","status":"publish","type":"post","link":"https:\/\/tvsensor.com\/clanak\/na-danasnji-dan-umro-je-husein-kapetan-gradascevic\/","title":{"rendered":"Na dana\u0161nji dan umro je Husein-kapetan Grada\u0161\u010devi\u0107"},"content":{"rendered":"\r\n<p><strong>Husein-kapetan Grada\u0161\u010devi\u0107, poznatiji kao &#8220;Zmaj od Bosne&#8221;, koji se borio za samostalnost Bosne u Osmanskom carstvu, umro je 17. augusta 1834. godine. <\/strong><\/p>\r\n\r\n\r\n\r\n<p>Grada\u0161\u010devi\u0107 je ro\u0111en u Grada\u010dcu 1802. godine, a odrastao je okru\u017een politi\u010dkom klimom nemira u zapadnim krajevima Carstva. Kad je D\u017eelaludin-pa\u0161a otrovao njegovog brata Murata 1821. godine, Grada\u0161\u010devi\u0107 se na\u0161ao na \u010delu Grada\u010da\u010dke vojne kapetanije. Mladi Husein je tokom svog kapetanstva razvio reputaciju mudrog vladanja i tolerancije, te je postao jedan od najpopularnijih osoba u Bosni.<\/p>\r\n\r\n\r\n\r\n<p>1831. godine Grada\u0161\u010devi\u0107 je izabran za vo\u0111u pokreta za bosansku autonomiju. Brzo je otjerao vezira i ostale koji su bili protiv autonomije, te tako postaje de facto vladar Bosanskog pa\u0161aluka. 18. jula iste godine Grada\u0161\u010devi\u0107 savladava vojsku pod zapovjedni\u0161tom velikog vezira u blizini \u0160timlja na Kosovu. Odlu\u010duje da ne nastavi pohod i vra\u0107a se u Bosnu, gdje su ga njegovi vojnici proglasili novim vezirom 12. septembra. Me\u0111utim, 1832. godine pokret za autonomiju je izgubio prednost u ratu. Nakon niza manjih okr\u0161aja, klju\u010dna bitka se dogodila 17. i 18. maja izvan Sarajeva. Bosanska vojska je pora\u017eena nakon \u0161to hercegova\u010dko poja\u010danje sti\u017ee i pridru\u017euje se Osmanlijskoj vojsci.<\/p>\r\n\r\n\r\n\r\n<p>Iako bo\u0161nja\u010dki ustanak ne bi bio uga\u0161en za jo\u0161 18 godina, Grada\u0161\u010devi\u0107 je morao bje\u017eati u Habsbur\u0161ku monarhiju 31. maja. Odatle je pregovarao sa sultanom da se vrati u Carstvo, koji njegovu \u017eelju ne odobrava u potpunosti. Seli se u Beograd, a onda u Istanbul, gdje je umro od kolere na dana\u0161nji dan 1834. godine. Bio je legenda u svom dobu, a danas je bosanski narodni junak i jedna od najuglednijih li\u010dnosti u historiji Bosne i Hercegovine.<\/p>\r\n","protected":false},"excerpt":{"rendered":"<p>Husein-kapetan Grada\u0161\u010devi\u0107, poznatiji kao &#8220;Zmaj od Bosne&#8221;, koji se borio za samostalnost Bosne u Osmanskom carstvu, umro je 17. augusta 1834. godine. Grada\u0161\u010devi\u0107 je ro\u0111en u Grada\u010dcu 1802. godine, a odrastao je okru\u017een politi\u010dkom klimom nemira u zapadnim krajevima Carstva. Kad je D\u017eelaludin-pa\u0161a otrovao njegovog brata Murata 1821. godine, Grada\u0161\u010devi\u0107 se na\u0161ao na \u010delu Grada\u010da\u010dke [&hellip;]<\/p>\n","protected":false},"author":138,"featured_media":33532,"comment_status":"open","ping_status":"closed","sticky":false,"template":"","format":"standard","meta":{"inline_featured_image":false,"footnotes":""},"categories":[47,46],"tags":[],"class_list":{"0":"post-33530","1":"post","2":"type-post","3":"status-publish","4":"format-standard","5":"has-post-thumbnail","7":"category-historija","8":"category-kultura"},"acf":[],"_links":{"self":[{"href":"https:\/\/tvsensor.com\/api\/wp\/v2\/posts\/33530","targetHints":{"allow":["GET"]}}],"collection":[{"href":"https:\/\/tvsensor.com\/api\/wp\/v2\/posts"}],"about":[{"href":"https:\/\/tvsensor.com\/api\/wp\/v2\/types\/post"}],"author":[{"embeddable":true,"href":"https:\/\/tvsensor.com\/api\/wp\/v2\/users\/138"}],"replies":[{"embeddable":true,"href":"https:\/\/tvsensor.com\/api\/wp\/v2\/comments?post=33530"}],"version-history":[{"count":1,"href":"https:\/\/tvsensor.com\/api\/wp\/v2\/posts\/33530\/revisions"}],"predecessor-version":[{"id":33531,"href":"https:\/\/tvsensor.com\/api\/wp\/v2\/posts\/33530\/revisions\/33531"}],"wp:featuredmedia":[{"embeddable":true,"href":"https:\/\/tvsensor.com\/api\/wp\/v2\/media\/33532"}],"wp:attachment":[{"href":"https:\/\/tvsensor.com\/api\/wp\/v2\/media?parent=33530"}],"wp:term":[{"taxonomy":"category","embeddable":true,"href":"https:\/\/tvsensor.com\/api\/wp\/v2\/categories?post=33530"},{"taxonomy":"post_tag","embeddable":true,"href":"https:\/\/tvsensor.com\/api\/wp\/v2\/tags?post=33530"}],"curies":[{"name":"wp","href":"https:\/\/api.w.org\/{rel}","templated":true}]}}