{"id":33500,"date":"2021-08-15T12:52:30","date_gmt":"2021-08-15T11:52:30","guid":{"rendered":"https:\/\/senzor.ba\/?p=33500"},"modified":"2024-01-15T21:25:45","modified_gmt":"2024-01-15T20:25:45","slug":"intervju-bekir-halilovic-volio-bih-da-se-na-srebrenicu-gleda-razumno","status":"publish","type":"post","link":"https:\/\/tvsensor.com\/clanak\/intervju-bekir-halilovic-volio-bih-da-se-na-srebrenicu-gleda-razumno\/","title":{"rendered":"INTERVJU: Bekir Halilovi\u0107 &#8211; Volio bih da se na Srebrenicu gleda razumno"},"content":{"rendered":"\n<p><em>SENZOR: Mnogi u na\u0161oj domovini Srebrenicu danas poznaju i obilaze ve\u0107inom samo 11. Jula, na dan d\u017eenaze u Poto\u010darima. Mo\u017ee\u0161 li nam opisati \u017eivot u Srebrenici nakon 11. Jula? \u0160ta se de\u0161ava poslije Poto\u010dara?<\/em><\/p>\n\n\n\n<p>Postoji jedna zanimljiva stvar, bar meni. Naime, imao sam vi\u0161e prilika da prisustvujem razli\u010ditim seminarima gdje su u\u010de\u0161\u0107e uzele osobe iz drugih mjesta, me\u0111utim, rijetko se kada iznose pozitivni primjeri iz lokalnih zajednica. Obi\u010dno se govori o problemima koji postoje, ili ljudi bar misle da postoje u mjestima kojima \u017eive. Isto, donekle, va\u017ei i za Srebrenicu. Na\u017ealost, ovdje postoje op\u0161ti dru\u0161tveni problemi karakteristi\u010dni za cjelokupno bosanskohercegova\u010dko dru\u0161tvo, a s druge strane, postoji \u017eivotna situacija koja je evidentno obilje\u017eena posljednicama genocida koji je ovdje u\u010dinjen. Duboko sam ubje\u0111en da ljudi koji \u017eive ovdje, za razliku od drugih, potpuno druga\u010dije do\u017eivljavaju Srebrenicu i sve ono \u0161to je vezano za nju. Kada gledate sa strane uglavnom je do\u017eivljavate kao mjesto tragedije u kojoj je po\u010dinjen Genocid, dok ipak oni koji \u017eive ovdje, itekako posjeduju drugu dimenziju osje\u0107aja prema Srebrenici, a to je ona \u017eivotna dimenzija. Na\u017ealost, kada ste u Srebrenici (neovisno da li \u017eivite ili ste do\u0161li u posjetu) o\u010digledno se da primjetiti da ovdje ne\u0161to \u201cne \u0161tima\u201d. Ovo u smislu da su evidentni tragovi \u017eivota koji je ovdje nekada postojao (od stambenih objekata, porodi\u010dnih ku\u0107a, fabrika&#8230;), a da je danas \u017eivot op\u0161tine sveden na jednu varo\u0161icu u kojoj je, bojim se, sve manje i manje perspektive.<\/p>\n\n\n\n<p>Istina je da je Srebrenica nekih mjesec dana u godini, pred komemoraciju i d\u017eenazu u Poto\u010darima, mjesto koje \u201cdobije na va\u017enosti\u201d u javnom prostoru, najvi\u0161e ove zemlje, te dobijemo na medijskom prostoru da govorimo o postoje\u0107im problemima. Bojim se da ovi problemi do\u010dekaju svaku sljede\u0107u godinu i komemoraciju, a da je sve manje i manje perspektiva za razvoj nekog normalnog \u017eivota u Srebrenici.<\/p>\n\n\n\n<p><em>SENZOR: U Udru\u017eenju \u201cADOPT\u201d \u010desto realizujete projekte koje u prvi plan stavljaju izgradnju su\u017eivota budu\u0107im generacijama u Srebrenici. Nakon nekoliko godina rada u \u201cADOPTU\u201d, rada sa mladima, smatra\u0161 li da je mogu\u0107e ostvariti taj cilj \u2013 su\u017eivot u Srebrenici, i od \u010dega\/koga su\u017eivot najprije ovisi?<\/em><\/p>\n\n\n\n<p>Duboko sam ubje\u0111en da jeste mogu\u0107e izgraditi su\u017eivot. S druge strane, ostala bi samo opcija \u201ctrpljenja\u201d prisustva te druge strane s kojom ne \u017eelite su\u017eivot, \u0161to je zapravo negativna dru\u0161tvena posljedica koja mo\u017ee kao rezultat donijeti neki novi sukob.<\/p>\n\n\n\n<p>Ono \u0161to je trenutno pora\u017eavaju\u0107a \u010dinjenica, jeste da imamo mlade generacije ro\u0111ene godinama nakon zavr\u0161etka rata koje u mnogome nose terete iz ratne pro\u0161losti. Mislim da je to breme koje nije njihovo, te koje nezaslu\u017eeno nose. Na\u017ealost, zbog adekvatnog nedostatka su\u017eivota mladi nisu imali priliku \u010desto da komuniciraju s \u201cdrugom stranom\u201d zbog \u010dega su razvili degradativna mi\u0161ljenja prema drugom i druga\u010dijem. Osim \u0161kole, te rijetkih drugih prilika, mladi nemaju mogu\u0107nost da nau\u010de vi\u0161e o svojim sugra\u0111anima drugih religijskih i nacionalnih grupa. Duboko vjerujem da je neznanje, te nemogu\u0107nost suo\u010davanja s te\u0161kom pro\u0161lo\u0161\u0107u i posljedicama koje je ista ostavila, u mladima ostavila veliku dozu nepovjerenja u kojem su vi\u0161e spremni da \u017eive jedni pored srugih, a ne jedni sa drugima. Zapravo, kroz svoj rad \u017eelimo da od mladih otklonimo nezaslu\u017eene terete. Kroz mogu\u0107nost i pru\u017eanje prilika s mladima radimo na temama od kojih \u010desto bje\u017ee, a obi\u010dno su vezane za razli\u010dite narative o stvarima koje su se de\u0161avale u ratu. Vrlo je bitno da mladi \u010duju sve strane, doga\u0111aje, tragedije, da posjeduju \u0161to vi\u0161e informacija i da prihvate da neko druga\u010diji mo\u017ee biti i prijatelj, te na tim principima graditi su\u017eivot, zajedni\u010dki \u017eivot, a ne \u017eivot jednih pored drugih.<\/p>\n\n\n\n<p><em>SENZOR: I sam tvoj \u017eivot i rad svjedo\u010di da vjeruje\u0161 da se u Srebrenici mo\u017ee izgraditi ne\u0161to bolje, da se mo\u017ee \u017eivjeti zajedno, da je \u017eivot u Srebrenici, najkra\u0107e re\u010deno \u2013 mogu\u0107. \u0160ta te \u201cgura\u201d, motivi\u0161e, svih ovih godina da ostane\u0161 vezan za Srebrenicu, da radi\u0161 na projektima koji promoviraju su\u017eivot u ovo vrlo osjetljivo vrijeme?<\/em><\/p>\n\n\n\n<p>Pitanje na koje sam sebi poku\u0161avam ve\u0107 jako dugo da dam odgovor. Iskreno, mislim da odgovor nije u racionalnom koliko je u emotivnom. Srebrenica je jednino mjesto na svijetu koje iskreno mogu osje\u0107ati kao dom. Da budem iskren, postoje mjesta gdje sam mo\u017eda i bolje prihva\u0107en i u kojima je, generalno, \u017eivotna situacija dosta povoljnija, ali ipak ovo je mjesto gdje postoji osje\u0107aj pripadnosti iz kojega crpite svoj identite. To je zapravo oduvijek i bila motivacija. U\u010diniti mjesto u kojem \u017eivite da postane \u0161to bolje, da postane mjesto su\u017eivota, dobrih prilika, dragih ljudi i , na kraju, mjesto \u017eivota, koje to danas nije, zapravo je ta snaga koja motivi\u0161e i nosi dalje.<\/p>\n\n\n\n<p><em>SENZOR: Da li je za po\u010detak neke pozitivne pri\u010de u Srebrenici, ali i u drugim mjestima u manjem bh. entitetu, po tvom mi\u0161ljenju i iskustvu, uslov da politi\u010dki predstavnici u tim op\u0161tinama priznaju genocid i druge zlo\u010dine po\u010dinjene tokom agresije devedesetih godina, i da li bi taj \u010din zapo\u010deo taj proces pomirenja i su\u017eivota<\/em><em>?<\/em><\/p>\n\n\n\n<p>Definitivno. Duboko sam ubje\u0111en da bi politi\u010dko priznavanje svih sudskih odluka, ili bar ne negiranje istih, u mnogome popravilo postoje\u0107e prilike u cjelokupnom bosanskohercegova\u010dkom dru\u0161tvu. Sam se neko ko je u Genocidu ostao bez oca i znam koliko je zapravo bio te\u017eak \u017eivot i odrastanje u prilikama u kojima imate dezorijentisano dru\u0161tvo koje pati pod kolektivnom traumom. Jako je nezahvalno kada se na\u0111ete u situaciji da se negira tragedija koju ste do\u017eivjeli, posebice dok se jo\u0161 uvijek borite sa ste\u010denim traumama.<\/p>\n\n\n\n<p>I, definitivno da je politi\u010dko priznanje dokazanih krivi\u010dnih djela, a zatim i suo\u010davanje s pro\u0161lo\u0161\u0107u, prvi i najzna\u010dajniji korak za izgradnju trajnog i odr\u017eivog su\u017eivota.<\/p>\n\n\n\n<p><em>SENZOR: Jedne prilike si spomenuo da je na mladima koji \u017eive u Srebrenici veliki teret iz pro\u0161losti, teret koji nije njihov da ga nose. Mo\u017ee\u0161 li na\u0161im \u010ditaocima detaljnije pojasniti o kakvom teretu je rije\u010d, i kako ga po tvom mi\u0161ljenju olak\u0161ati mladima Srebrenice?<\/em><\/p>\n\n\n\n<p>Tako je. I sam sam iznena\u0111en ozbiljno\u0161\u0107u problema koji mladi imaju. \u010cesto mo\u017eete vidjeti fotografije srebreni\u010dkih maturanata koji paradiraju ulicama nose\u0107i, svako svoje obilje\u017eje nacionalne zajednice. Uglavnom to mediji proprate kao pozitivan primjer su\u017eivota u Srebrenici, za \u0161to ja smatram da je, upravo, suprotno. Mislim da je to samo pokazatelj kako mladi ljudi \u017eive jedni pored drugih, svako pod svojim simbolima i u svom narativu, a ne jedni sa drugima.<\/p>\n\n\n\n<p>Mladi obi\u010dno drugu stranu do\u017eivljavaju kao neprijateljsku, u kontekstu ratnih de\u0161avanja. \u010cesto smo imali priliku da se mladi, recimo osobe srpske nacionalnosti, ili boje priznati da je bio Genocid, zbog straha da \u0107e biti isklju\u010deni ili etiketirani od vlastite zajednice, ili vjeruju da nije bio, ve\u0107 da su de\u0161avanja vezana za Genocid zavjera protiv njihovog naroda. S druge strane imamo situaciju kod mladih bo\u0161nja\u010dke nacionalnosti koji posjeduju identitet \u017ertve, te rijetko sebi \u017eele da priznaju da postoje zlo\u010dini koje su po\u010dinili osobe iz njihove nacionalne skupine.<\/p>\n\n\n\n<p>Iskreno, dobre rezultate su pokazale sve one prilike gdje su mladi imali priliku da zajedno diskutuju o svemu onome \u0161to njih mu\u010di kao populaciju.<\/p>\n\n\n\n<p><em>SENZOR: U \u201cADOPTU\u201d pored tebe volontiraju i tvoji sugra\u0111ani srpske nacionalnosti. Kako je sredina prihvatila va\u0161 zajedni\u010dki rad, imate li podr\u0161ku vlasti i sugra\u0111ana za realizaciju va\u0161ih projekata?<\/em><\/p>\n\n\n\n<p>Drago mi je da mi u ADOPTu, o\u010digledno, imamo druga\u010dije kriterije koji su uklju\u010dive, a ne isklju\u010dive prirode. Ipak na nacionalnu ili neku drugu pripadnost gledamo na druga\u010diji na\u010din i ona nam je zanemariva. Dr\u017eimo do toga ko je kakav \u010dovjek po prirodi, a, vjerujte, s \u010dovjekom iz bilo koje nacije je bolje sara\u0111ivati nego s neljudima iz vlastite.<\/p>\n\n\n\n<p>ADOPT je zapravo i nastao kao prostor u kojem se daje prilika da osobe razli\u010ditih dru\u0161tvenih pozadina imaju priliku da razgovaraju o zajedni\u010dkim temama kako bi ipak prona\u0161li obrazac stvaranja \u201ciskrenog\u201d i trajnog su\u017eivota. Vjerujem da su mi\u0161ljenja javnosti glede na\u0161eg postojanja i djelovanaj podjeljena. Ponekad nas \u201cstrane\u201d do\u017eivljavaju kao neprijatelje svog naroda, jer u na\u0161em djelovanju vide ne\u0161to \u0161to se protivi narativu za koji vjeruju da je istina. Ipak, kao \u0161to rekoh, nudimo programe koji su zajedni\u010di i uklju\u010duju\u0107i.<\/p>\n\n\n\n<p>\u0160to se podr\u0161ke vlasti ti\u010de, ona je skromna, vi\u0161e nikakva.<\/p>\n\n\n\n<p><em>SENZOR: Na Srebrenicu danas ve\u0107ina ljudi gledao kao na mjesto u kojem se dogodio jedan od najstravi\u010dnijih zlo\u010dina u historiji, o\u010di svijeta i medija gore su uprte u tih nekoliko dana mar\u0161a te na dan d\u017eenaze u Poto\u010darima. Ako pitate nekoliko ljudi iz Federacije za mogu\u0107nost \u017eivota u Srebrenici, ogromna ve\u0107ina \u0107e odmahnuti glavom u znak neslaganja. Kako bi ti, ili konkretno \u2013 kako bi va\u0161a ekipa okupljena u Udru\u017eenju \u201cADOPT\u201d voljela da ostatak svijeta gleda na Srebrenicu danas?<\/em><\/p>\n\n\n\n<p>Volio bih da se na Srebrenicu gleda razumno. Ne \u017eelim da na\u0161a tragedija degradira na\u0161 ponos. Srebrenica jeste grad \u201cvelike smrti\u201d, ali je itekako i grad u kojem se mo\u017ee roditi jo\u0161 ve\u0107i \u017eivot. Ovdje \u017eive ljudi kojima treba pomo\u0107, a ne osuda. I na kraju, iako je pusta i tu\u017ena, ipak je jo\u0161 uvijek dom mnogima.<\/p>\n","protected":false},"excerpt":{"rendered":"<p>SENZOR: Mnogi u na\u0161oj domovini Srebrenicu danas poznaju i obilaze ve\u0107inom samo 11. Jula, na dan d\u017eenaze u Poto\u010darima. Mo\u017ee\u0161 li nam opisati \u017eivot u Srebrenici nakon 11. Jula? \u0160ta se de\u0161ava poslije Poto\u010dara? Postoji jedna zanimljiva stvar, bar meni. Naime, imao sam vi\u0161e prilika da prisustvujem razli\u010ditim seminarima gdje su u\u010de\u0161\u0107e uzele osobe iz [&hellip;]<\/p>\n","protected":false},"author":57,"featured_media":33501,"comment_status":"open","ping_status":"closed","sticky":false,"template":"","format":"standard","meta":{"inline_featured_image":false,"footnotes":""},"categories":[43,75,37],"tags":[1435,1433],"class_list":{"0":"post-33500","1":"post","2":"type-post","3":"status-publish","4":"format-standard","5":"has-post-thumbnail","7":"category-bih","8":"category-intervju","9":"category-vijesti","10":"tag-adopt","11":"tag-intervju"},"acf":[],"_links":{"self":[{"href":"https:\/\/tvsensor.com\/api\/wp\/v2\/posts\/33500","targetHints":{"allow":["GET"]}}],"collection":[{"href":"https:\/\/tvsensor.com\/api\/wp\/v2\/posts"}],"about":[{"href":"https:\/\/tvsensor.com\/api\/wp\/v2\/types\/post"}],"author":[{"embeddable":true,"href":"https:\/\/tvsensor.com\/api\/wp\/v2\/users\/57"}],"replies":[{"embeddable":true,"href":"https:\/\/tvsensor.com\/api\/wp\/v2\/comments?post=33500"}],"version-history":[{"count":2,"href":"https:\/\/tvsensor.com\/api\/wp\/v2\/posts\/33500\/revisions"}],"predecessor-version":[{"id":33529,"href":"https:\/\/tvsensor.com\/api\/wp\/v2\/posts\/33500\/revisions\/33529"}],"wp:featuredmedia":[{"embeddable":true,"href":"https:\/\/tvsensor.com\/api\/wp\/v2\/media\/33501"}],"wp:attachment":[{"href":"https:\/\/tvsensor.com\/api\/wp\/v2\/media?parent=33500"}],"wp:term":[{"taxonomy":"category","embeddable":true,"href":"https:\/\/tvsensor.com\/api\/wp\/v2\/categories?post=33500"},{"taxonomy":"post_tag","embeddable":true,"href":"https:\/\/tvsensor.com\/api\/wp\/v2\/tags?post=33500"}],"curies":[{"name":"wp","href":"https:\/\/api.w.org\/{rel}","templated":true}]}}