{"id":33462,"date":"2021-08-12T22:36:33","date_gmt":"2021-08-12T21:36:33","guid":{"rendered":"https:\/\/senzor.ba\/?p=33462"},"modified":"2024-01-15T21:25:49","modified_gmt":"2024-01-15T20:25:49","slug":"avdo-huseinovic-bosnjak-od-boga-nadahnut","status":"publish","type":"post","link":"https:\/\/tvsensor.com\/clanak\/avdo-huseinovic-bosnjak-od-boga-nadahnut\/","title":{"rendered":"Avdo Huseinovi\u0107 \u2013 Bo\u0161njak od Boga nadahnut"},"content":{"rendered":"\n<p>U utorak, 10. augusta, sa po\u010detkom u 21:00 sat u Centru za kulturu u Janji odr\u017eano je premijerno prikazivanje dokumentarnog filma pod nazivom \u201e<em>Ubijeni prirodnom smr\u0107u\u201c.&nbsp; <\/em>Dokumentarac je to, jo\u0161 jedan u nizu, koji prikazuje stravi\u010dne zlo\u010dine jedinica agresorske vojske takozvane RS u Bijeljini i drugim gradovima u Podrinju.<\/p>\n\n\n\n<p>Ako bi vas neko nekada upitao \u201e\u0160ta je motivacija?\u201c, \u0161ta je \u201eNadahnu\u0107e?\u201c, te pojmove najbolje biste definisali kroz primjer \u017eivota i rada re\u017eisera, novinara, publiciste \u2013 Avde Huseinovi\u0107a. Trinaest godina Avdo svojim kontinuiranim radom na o\u010duvanju sje\u0107anja, raskrinkavanju zlo\u010dinaca i po\u010dinioca genocida daje vjerovatno i najve\u0107i doprinos u dokumentovanju pojedina\u010dnih slu\u010dajeva genocida i drugih po\u010dinjenih zlo\u010dina nad bo\u0161nja\u010dkim stanovni\u0161tvom tokom protekle agresije na Bosnu i Hercegovinu devedesetih godina pro\u0161log stolje\u0107a. \u0160to je za njega samog vjerovatno i najva\u017enije \u2013 njegov rad poslu\u017eio je i kao dokaz na su\u0111enjima optu\u017eenim za ratne zlo\u010dine.<\/p>\n\n\n\n<p>Ne mo\u017eemo sa stopostotnom sigurno\u0161\u0107u tvrditi da li se planski radi na iskorjenjivanju kulture sje\u0107anja a posebno me\u0111u mladima, ili je u pitanju na\u0161 vlastiti nemar, ili jedan neugodni miks oba faktora, ali mo\u017eemo, moramo se zahvaljivati na\u0161em Gospodaru na blagodati boravka me\u0111u ljudima koji danono\u0107no bdiju nad nama, nad o\u010duvanjem sje\u0107anja na na\u0161u pro\u0161lost i brinu za na\u0161u budu\u0107nost, a Avdo Huseinovi\u0107 jedan je od tih vrijednih \u010duvara na\u0161e domovine.<\/p>\n\n\n\n<p>Avdo je tako u ovih trinaest godina u\u010dinio vi\u0161e nego bilo koja Institucija, Udru\u017eenje koje u sklopu Statutom odre\u0111enih aktivnosti ima traganje za istinom i dokazima o zlo\u010dinima i genocidu nad Bo\u0161njacima. Dobitnik je \u201ePlakete Kantona Sarajevo\u201c kao najvi\u0161e javno priznanje ovog kantona, za izuzetan doprinos u skupljanju i publikovanju gra\u0111e vezane za svijetlu borbu bosanskohercegova\u010dkih gra\u0111ana u toku odbrambeno-oslobodla\u010dko rata u Bosni i Hercegovini 1992.-1995. godine.<\/p>\n\n\n\n<p>Avdu mnogi poznaju i kao biv\u0161eg pjeva\u010da, danas po tome \u0161to radi, ali mali broj na\u0161ih sugra\u0111ana zna da je odmah po punoljetstvu Avdo stao u odbranu Sarajeva, kao pripadnik Prve slavne brigade. Jo\u0161 tada po\u010dinje sa pisanjem \u010dlanaka za vojne novine dokumentuju\u0107i ratna zbivanja, a upravo ta arhiva poslu\u017eila mu je za njegov prvi dokumentarac \u201eVanzemaljci iznad Sarajeva\u201c.<\/p>\n\n\n\n<p>I dok se hiljade ubica i agresora jo\u0161 uvijek slobodno \u0161eta na slobodi, dok je jo\u0161 ko zna koliko neotkrivenih grobnica sa bo\u0161nja\u010dkim kostima, neka budu svjesni katili bo\u0161nja\u010dkog naroda &#8211; dok je Avde Huseinovi\u0107a ne bojimo se za istinu i pravdu. One \u0107e sigurno ugledati svjetlo dana. <strong><br><\/strong><\/p>\n","protected":false},"excerpt":{"rendered":"<p>U utorak, 10. augusta, sa po\u010detkom u 21:00 sat u Centru za kulturu u Janji odr\u017eano je premijerno prikazivanje dokumentarnog filma pod nazivom \u201eUbijeni prirodnom smr\u0107u\u201c.&nbsp; Dokumentarac je to, jo\u0161 jedan u nizu, koji prikazuje stravi\u010dne zlo\u010dine jedinica agresorske vojske takozvane RS u Bijeljini i drugim gradovima u Podrinju. Ako bi vas neko nekada upitao [&hellip;]<\/p>\n","protected":false},"author":57,"featured_media":33466,"comment_status":"open","ping_status":"closed","sticky":false,"template":"","format":"standard","meta":{"inline_featured_image":false,"footnotes":""},"categories":[76,69,38],"tags":[],"class_list":{"0":"post-33462","1":"post","2":"type-post","3":"status-publish","4":"format-standard","5":"has-post-thumbnail","7":"category-kolumne","8":"category-ponos-bih","9":"category-vijesti-iz-bih"},"acf":[],"_links":{"self":[{"href":"https:\/\/tvsensor.com\/api\/wp\/v2\/posts\/33462","targetHints":{"allow":["GET"]}}],"collection":[{"href":"https:\/\/tvsensor.com\/api\/wp\/v2\/posts"}],"about":[{"href":"https:\/\/tvsensor.com\/api\/wp\/v2\/types\/post"}],"author":[{"embeddable":true,"href":"https:\/\/tvsensor.com\/api\/wp\/v2\/users\/57"}],"replies":[{"embeddable":true,"href":"https:\/\/tvsensor.com\/api\/wp\/v2\/comments?post=33462"}],"version-history":[{"count":3,"href":"https:\/\/tvsensor.com\/api\/wp\/v2\/posts\/33462\/revisions"}],"predecessor-version":[{"id":33468,"href":"https:\/\/tvsensor.com\/api\/wp\/v2\/posts\/33462\/revisions\/33468"}],"wp:featuredmedia":[{"embeddable":true,"href":"https:\/\/tvsensor.com\/api\/wp\/v2\/media\/33466"}],"wp:attachment":[{"href":"https:\/\/tvsensor.com\/api\/wp\/v2\/media?parent=33462"}],"wp:term":[{"taxonomy":"category","embeddable":true,"href":"https:\/\/tvsensor.com\/api\/wp\/v2\/categories?post=33462"},{"taxonomy":"post_tag","embeddable":true,"href":"https:\/\/tvsensor.com\/api\/wp\/v2\/tags?post=33462"}],"curies":[{"name":"wp","href":"https:\/\/api.w.org\/{rel}","templated":true}]}}