{"id":33426,"date":"2021-08-12T07:41:39","date_gmt":"2021-08-12T06:41:39","guid":{"rendered":"https:\/\/senzor.ba\/?p=33426"},"modified":"2024-01-15T21:25:52","modified_gmt":"2024-01-15T20:25:52","slug":"drustvene-mreze-uklanjat-ce-sadrzaje-kojima-se-negira-genocid-u-srebrenici","status":"publish","type":"post","link":"https:\/\/tvsensor.com\/clanak\/drustvene-mreze-uklanjat-ce-sadrzaje-kojima-se-negira-genocid-u-srebrenici\/","title":{"rendered":"Dru\u0161tvene mre\u017ee uklanjat \u0107e sadr\u017eaje kojima se negira genocid u Srebrenici"},"content":{"rendered":"\r\n<p><strong>Kompanije Twitter i Google imaju namjeru da sa svojih dru\u0161tvenih platformi uklanjaju sadr\u017eaje u kojima se negira genocid u Srebrenici. Potvr\u0111eno je u to u odgovoru za Radio Slobodna Evropa (RSE).\u00a0<\/strong><\/p>\r\n\r\n\r\n\r\n<p>Institut za istra\u017eivanje genocida Kanada (IGK) nedavno je uputio zahtjev tehnolo\u0161kim gigantima Twitter i YouTube da zabrane negiranje genocida u Srebrenici na svojim platformama.<\/p>\r\n\r\n\r\n\r\n<p>Direktor kanadskog Instituta Emir Rami\u0107 za\u00a0<a href=\"https:\/\/www.slobodnaevropa.org\/a\/srbija-genocid-srebrenica-negiranje\/31404704.html?fbclid=IwAR1xXP5rUVMPFcqvxMNeldJ1E-ScTUVPbMlGIDYHZVmr0ZgkhmmOBxIl1fU?utm_source=Klix.ba&amp;utm_medium=Clanak\" target=\"_blank\" rel=\"noreferrer noopener\">RSE<\/a>\u00a0ka\u017ee da IGK vodi evidenciju o sadr\u017eajima na dru\u0161tvenim mre\u017eama i da najvi\u0161e objava u kojima se vrije\u0111aju srebreni\u010dke \u017ertve dolazi iz Srbije, bh. entiteta Republika Srpska ali da ih ima i iz Rusije, Francuske i drugih dr\u017eava.<\/p>\r\n\r\n\r\n\r\n<p><strong>Sankcije za svaki govor mr\u017enje<\/strong><\/p>\r\n\r\n\r\n\r\n<p>IGK jo\u0161 nije dobio odgovore na zahtjev koji je 30. jula 2021. uputio ovim dru\u0161tvenim mre\u017eama ali Rami\u0107, ka\u017ee, nada se pozitivnom odgovoru &#8220;jer su obe socijalne mre\u017ee ve\u0107 ranije uklanjale neke sadr\u017eaje koji zadiru u mr\u017enju prema drugom i druga\u010dijem i koji vrije\u0111aju \u017ertve holokausta, i u pojedinacnim slu\u010dajevima i \u017ertve genocida u Srebrenici&#8221;.<\/p>\r\n\r\n\r\n\r\n<p>Kompanije Twitter i YouTube u vezi sa zahtjevom Instituta za istra\u017eivanje genocida za RSE ka\u017eu da imaju jasno ustanovljenu politiku koja &#8220;sankcionira svaki govor mr\u017enje&#8221;.<\/p>\r\n\r\n\r\n\r\n<p>U odgovoru Googlea, pod \u010dijim okriljem je YouTube, ka\u017eu da \u0107e uklanjati sve sadr\u017eaje koji kr\u0161e ve\u0107 ustanovljena pravila kompanije o \u0161irenju govora mr\u017enje.<\/p>\r\n\r\n\r\n\r\n<p>&#8220;Imamo jasnu i uspostavljenu politiku u vezi sa govorom mr\u017enje a koja zabranjuje sadr\u017eaje koji minimiziraju ili negiraju dobro dokumentovane, nasilne doga\u0111aje, uklju\u010duju\u0107i i genocid u Srebrenici. Ako se utvrdi da sadr\u017eaj kr\u0161i ove smjernice, mi \u0107emo ga ukloniti \u201c, navodi se u odgovoru portparola YouTubea za RSE.<\/p>\r\n\r\n\r\n\r\n<p><strong>Zabranjen \u0161irok spektar pona\u0161anja<\/strong><\/p>\r\n\r\n\r\n\r\n<p>Sli\u010dno poru\u010duju i iz Twittera. Prema rije\u010dima portparola ove dru\u0161tvene mre\u017ee, govoru i porukama mre\u017ee &#8220;nema apsolutno nikakvog mjesta na Twitteru&#8221;.<\/p>\r\n\r\n\r\n\r\n<p>&#8220;Na\u0161a Politika mr\u017enje zabranjuje \u0161irok spektar pona\u0161anja. To uklju\u010duje targetiranje pojedinaca sa uvrjedljivim namjerama, pozivanje na nasilne doga\u0111aje, vrstu nasilja gdje su za\u0161ti\u0107ene kategorije ljudi bile \u017ertve ili gdje se poku\u0161ava poricanje odnosno minimiziranje takvih doga\u0111aja. Tako\u0111e, imamo sna\u017enu politiku u slu\u010dajevima glorifikovanja politike nasilja i preduzimamo mjere protiv takvog sadr\u017eaja i pona\u0161anja koji poku\u0161avaju da veli\u010daju ili hvale nasilje i genocid&#8221;, navodi se u dopisu portparola Twittera.<\/p>\r\n\r\n\r\n\r\n<p>Izvor: Klix.ba<\/p>\r\n","protected":false},"excerpt":{"rendered":"<p>Kompanije Twitter i Google imaju namjeru da sa svojih dru\u0161tvenih platformi uklanjaju sadr\u017eaje u kojima se negira genocid u Srebrenici. Potvr\u0111eno je u to u odgovoru za Radio Slobodna Evropa (RSE).\u00a0 Institut za istra\u017eivanje genocida Kanada (IGK) nedavno je uputio zahtjev tehnolo\u0161kim gigantima Twitter i YouTube da zabrane negiranje genocida u Srebrenici na svojim platformama. [&hellip;]<\/p>\n","protected":false},"author":138,"featured_media":33432,"comment_status":"open","ping_status":"closed","sticky":false,"template":"","format":"standard","meta":{"inline_featured_image":false,"footnotes":""},"categories":[376],"tags":[],"class_list":{"0":"post-33426","1":"post","2":"type-post","3":"status-publish","4":"format-standard","5":"has-post-thumbnail","7":"category-featured"},"acf":[],"_links":{"self":[{"href":"https:\/\/tvsensor.com\/api\/wp\/v2\/posts\/33426","targetHints":{"allow":["GET"]}}],"collection":[{"href":"https:\/\/tvsensor.com\/api\/wp\/v2\/posts"}],"about":[{"href":"https:\/\/tvsensor.com\/api\/wp\/v2\/types\/post"}],"author":[{"embeddable":true,"href":"https:\/\/tvsensor.com\/api\/wp\/v2\/users\/138"}],"replies":[{"embeddable":true,"href":"https:\/\/tvsensor.com\/api\/wp\/v2\/comments?post=33426"}],"version-history":[{"count":5,"href":"https:\/\/tvsensor.com\/api\/wp\/v2\/posts\/33426\/revisions"}],"predecessor-version":[{"id":33434,"href":"https:\/\/tvsensor.com\/api\/wp\/v2\/posts\/33426\/revisions\/33434"}],"wp:featuredmedia":[{"embeddable":true,"href":"https:\/\/tvsensor.com\/api\/wp\/v2\/media\/33432"}],"wp:attachment":[{"href":"https:\/\/tvsensor.com\/api\/wp\/v2\/media?parent=33426"}],"wp:term":[{"taxonomy":"category","embeddable":true,"href":"https:\/\/tvsensor.com\/api\/wp\/v2\/categories?post=33426"},{"taxonomy":"post_tag","embeddable":true,"href":"https:\/\/tvsensor.com\/api\/wp\/v2\/tags?post=33426"}],"curies":[{"name":"wp","href":"https:\/\/api.w.org\/{rel}","templated":true}]}}