{"id":33411,"date":"2021-08-11T18:32:37","date_gmt":"2021-08-11T17:32:37","guid":{"rendered":"https:\/\/senzor.ba\/?p=33411"},"modified":"2024-01-15T21:25:52","modified_gmt":"2024-01-15T20:25:52","slug":"intervju-emir-jukan-problemi-u-nasoj-domovini-mogu-se-rijesiti-samo-na-terenu","status":"publish","type":"post","link":"https:\/\/tvsensor.com\/clanak\/intervju-emir-jukan-problemi-u-nasoj-domovini-mogu-se-rijesiti-samo-na-terenu\/","title":{"rendered":"INTERVJU: Emir Jukan &#8211; Problemi u na\u0161oj domovini mogu se rije\u0161iti samo na terenu"},"content":{"rendered":"\n<p>Bez imalo sumnje, svaka iole svjesna i savjesna osoba ma\u0161ta o boljem dru\u0161tvu, o boljem, pravednijem svijetu, bez negativnih socijalnih fenomena, svijetu gdje \u0107e svako dijete imati osnovne stvari potrebne za lijepo odrastanje i \u017eivot, o zajednici bez ovisnosti o psihoaktivnim supstancama, o proaktivnoj zajednici. Mnogi o tome ma\u0161taju, ali, na\u017ealost, malo je onih koji su ustali, zavrnuli rukave i odlu\u010dili se pobrinuti da snovi postanu java.<\/p>\n\n\n\n<p>Kada spomenemo rije\u010d \u201cvolonter\u201d, po automatizmu pomi\u0161ljamo na mladu osobu, tinejd\u017eera koji volontira u nekoj humanitarnoj organizaciji, i gotovo niko ne bi pomislio da je volonter neki uspje\u0161an poduzetnik koji nakon posla sjeda u svoj automobil i ide \u201cspa\u0161avati dan\u201d. Na\u0161 dana\u0161nji sagovornik je upravo takav \u010dovjek, uspje\u0161ni poduzetnik iz Grada\u010dca, Emir Jukan, koji nakon posla koji se \u010desto zna zavr\u0161iti i u kasnim ve\u010dernjim satima sjeda u svoj kombi, ili automobil, i realizuje razne aktivnosti \u2013 od podjele odje\u0107e, hrane, higijenskih potrep\u0161tina, pa do u\u010de\u0161\u0107a u mnogim akcijama od koristi za zajednicu kojoj pripada. Pored auto\u0161kole i agencije za zastupanje u osiguranju koje vodi, uvijek pronalazi vrijeme za \u010dovjeka koji je u potrebi.<\/p>\n\n\n\n<p><strong><em>Senzor: <\/em><\/strong><em>Na samom po\u010detku, u ime kolektiva portal \u201cSenzor\u201d, \u017eelimo Vam se zahvaliti za vrijeme koje ste izdvojili za razgovor sa nama. Vlasnik ste auto\u0161kole \u201cRIMES\u201d \u2013 jedne od najboljih auto\u0161kola u tuzlanskom kantonu, i vodite istoimenu agenciju za zastupanje u osiguranju. U augustu 2019.godine sa nekoliko prijatelja i kolega pokrenuli ste Udru\u017eenje gra\u0111ana \u201cNur\u201d Grada\u010dac. Grada\u010dac je nadaleko poznat po svojoj kuli Husein kapetana, oklopnom vozu i drugim turisti\u010dkim destinacijama, ali nije se isticao po dru\u0161tvenom aktivizmu sve dok niste do\u0161li Vi sa svojom ekipom mladih. Zanimljivo je da ste uspjeli spojiti poduzetni\u0161tvo sa volonterskim radom \u2013 kako Vam polazi za rukom da budete svakodnevno aktivni na oba polja?<\/em><\/p>\n\n\n\n<p><strong>Emir Jukan<\/strong>:&nbsp;Veliko hvala ekipi portala \u201cSenzor\u201d na prilici da ka\u017eem ne\u0161to, ne o sebi, nego o potrebi da se svi mi, ponaosob, uklju\u010dimo u proces pozitivnih promjena koji sigurno da te\u010de u na\u0161oj zemlji, ali potrebno nas je jo\u0161 mnogo na terenu, me\u0111u ljudima, sa obi\u010dnim bosanskim \u010dovjekom. Stvari se nabolje mijenjaju samo na terenu. Dru\u0161tvene mre\u017ee stvaraju privid da je bitno ono \u0161to ka\u017eemo, \u0161to napi\u0161emo kao status, komentar, ali \u010dinjenica je da to ne donosi ni\u0161ta korisno. Moramo zavrnuti rukave i praksom do\u0107i do stanja u zajednici kakvo o\u010dekujemo.<\/p>\n\n\n\n<p>Bez obzira koliko \u010dovjek imetka ima, koliko bogatstva uspije prikupiti, on i dalje ostaje onaj obi\u010dni, prolazni rob, materija, koja \u0107e se vratiti svome Gospodaru i biti pitana kako je potro\u0161io svo to bogatstvo, u \u0161ta je tro\u0161io svoje vrijeme, svoj uticaj koji je imao na ovom svijetu. Biti uspje\u0161an poduzetnik mnogima je najve\u0107i san, ali sa time dolazi i velika odgovornost prema onima me\u0111u nama koji trebaju na\u0161u pomo\u0107, a koje \u010desto, na\u017ealost, zaboravljamo.<\/p>\n\n\n\n<p>Dobar prijatelj rekao mi je jednom: \u201cNije bitno ono \u0161to radi\u0161 od 07:00 do 16:00 sati. Ono \u0161to radi\u0161 nakon 16:00 sati govori tko si. Ono \u0161to radi\u0161 od 07:00 do 16:00 radi\u0161 za sebe, za platu, za svoje potrebe. Poslije 16:00 sati treba\u0161 raditi za zajednicu.\u201d<\/p>\n\n\n\n<p>I zaista jeste tako. Smatram i poku\u0161avam u \u017eivotu da primijenim pravilo \u2013&nbsp;Sa poslovnim uspjehom mora do\u0107i briga o zajednici.&nbsp;Ukoliko ste poduzetnik, ostvaren ste \u010dovjek, imate razvijeno preduze\u0107e i dobra li\u010dna primanja, a niste svakodnevno na usluzi dru\u0161tvu, sebi\u010dni ste. To je \u010dinjenica. Mnogi poduzetnici istina nemaju mnogo vremena, i nemaju tu mogu\u0107nost biti fizi\u010dki prisutni, volontirati, ali postoji niz na\u010dina na koje u toj situaciji mo\u017eete pomo\u0107i va\u0161oj zajednici.<\/p>\n\n\n\n<p><strong>Senzor: <\/strong><em>Volonter ste u Udru\u017eenju gra\u0111ana \u201cNur\u201d Grada\u010dac. Udru\u017eenje je za nepune dvije godine realizovalo zaista veliki broj aktivnosti humanitarnog, sportskog, kulturno-edukativnog karaktera. \u0160ta je va\u0161a motivacija za dru\u0161tveni aktivizam? \u0160ta vas motivi\u0161e za realizaciju svih tih aktivnosti, i \u010dime se Udru\u017eenje trenutno bavi, odnosno koje su aktivnosti aktuelne?<\/em><\/p>\n\n\n\n<p><strong>Emir Jukan: <\/strong>Udru\u017eenje gra\u0111ana \u201cNur\u201d Grada\u010dac \u010dini kolektiv izrazito vrijednih, inteligentnih, kreativnih i dobru predanih mladih ljudi koji su iskrenog nijjeta uvijek na usluzi svojim sugra\u0111anima. Grada\u010dac je to znao nagraditi, prepoznati, i svi na\u0161i projekti do sada su uspje\u0161no realizovani. Poslije porodice, imati prijatelje i sugra\u0111ane koji \u0107e nakon jednog poziva sa vama realizovati neko dobro \u2013 to nema cijenu. Neprocjenjivo je.<\/p>\n\n\n\n<p>Od trenutnih aktivnosti, aktuelno je prikupljanje sredstava za operativne zahvate na\u0161im sugra\u0111ankama Kadiri Deliba\u0161i\u0107 Mo\u0107i\u0107 i Bejhi Iskri\u0107. Nedavno smo realizovali prvi Bajramski sajam na trgu Alije Izetbegovi\u0107a, u centru grada, gdje smo na\u0161im sugra\u0111anima omogu\u0107ili da izlo\u017ee svoje proizvode, djeci smo dijelili paketi\u0107e i za njih smo pripremili zabavni program gdje su mogli osvojiti vrijedne nagrade. Redovno organizujemo i promocije knjiga, tribine i seminare, a u okviru na\u0161eg investicionog fonda poma\u017eemo i pru\u017eamo podr\u0161ku na\u0161im lokalnim sportskim klubovima, redovno dijelimo \u0161kolski pribor i torbe, u nekoliko apoteka imamo otvorene ra\u010dune za na\u0161e starije sugra\u0111ane i sugra\u0111ane sa invaliditetom, a tu je i na\u0161 humanitarni butik \u201cNur\u201d gdje sugra\u0111ani slabijeg finansijskog stanja mogu do\u0107i i uzeti bilo \u0161ta od odje\u0107e ili obu\u0107e \u0161to im zatreba, naravno, uz zagarantovanu anonimnost.<\/p>\n\n\n\n<p><strong><em>Senzor: <\/em><\/strong><em>Kao ostvaren \u010dovjek, porodi\u010dan, uspje\u0161an, dru\u0161tveno aktivan, \u0161ta biste za kraj, u par rije\u010di preporu\u010dili na\u0161im \u010ditaocima, poduzetnicima, mladima?<\/em><\/p>\n\n\n\n<p><strong>Emir Jukan: <\/strong>Da budu iskreni, potpuno predani onome \u0161to rade, i da budu svjesni ko su, i kome \u0107e se vratiti. Novac nije cilj, barem ne bi trebao biti \u2013 novac je sredstvo do uzvi\u0161enih ciljeva i benefita u vje\u010dnom \u017eivotu kog stalno moramo biti svjesni. Mladima savjet \u2013 dajte sve od sebe da ostanete ovdje, prona\u0111ite u va\u0161oj zajednici, sredini u kojoj boravite vama sli\u010dne, okupite se, udru\u017eite se i borite se za dr\u017eavu u kakvoj \u017eelite \u017eivjeti. Da je to dug put \u2013 jeste, ali da \u0107e vas ispuniti, da \u0107ete vidjeti rezultate va\u0161e borbe \u2013 to sigurno da ho\u0107ete. Ne ostavljajte va\u0161u dr\u017eavu u rukama njenih otvorenih neprijatelja.<\/p>\n\n\n\n<figure class=\"wp-block-gallery columns-3 is-cropped wp-block-gallery-1 is-layout-flex wp-block-gallery-is-layout-flex\"><ul class=\"blocks-gallery-grid\"><li class=\"blocks-gallery-item\"><figure><img loading=\"lazy\" decoding=\"async\" width=\"960\" height=\"720\" src=\"https:\/\/tvsensor.com\/wp-content\/uploads\/2021\/08\/EJ2.jpg\" alt=\"\" data-id=\"33413\" data-link=\"https:\/\/tvsensor.com\/?attachment_id=33413\" class=\"wp-image-33413\" srcset=\"https:\/\/tvsensor.com\/wp-content\/uploads\/2021\/08\/EJ2.jpg 960w, https:\/\/tvsensor.com\/wp-content\/uploads\/2021\/08\/EJ2-150x113.jpg 150w, https:\/\/tvsensor.com\/wp-content\/uploads\/2021\/08\/EJ2-768x576.jpg 768w, https:\/\/tvsensor.com\/wp-content\/uploads\/2021\/08\/EJ2-300x225.jpg 300w, https:\/\/tvsensor.com\/wp-content\/uploads\/2021\/08\/EJ2-696x522.jpg 696w, https:\/\/tvsensor.com\/wp-content\/uploads\/2021\/08\/EJ2-80x60.jpg 80w, https:\/\/tvsensor.com\/wp-content\/uploads\/2021\/08\/EJ2-265x198.jpg 265w, https:\/\/tvsensor.com\/wp-content\/uploads\/2021\/08\/EJ2-320x240.jpg 320w\" sizes=\"auto, (max-width: 960px) 100vw, 960px\" \/><\/figure><\/li><li class=\"blocks-gallery-item\"><figure><img loading=\"lazy\" decoding=\"async\" width=\"1600\" height=\"1600\" src=\"https:\/\/tvsensor.com\/wp-content\/uploads\/2021\/08\/EJ3-1600x1600.jpg\" alt=\"\" data-id=\"33414\" data-link=\"https:\/\/tvsensor.com\/?attachment_id=33414\" class=\"wp-image-33414\" srcset=\"https:\/\/tvsensor.com\/wp-content\/uploads\/2021\/08\/EJ3-1600x1600.jpg 1600w, https:\/\/tvsensor.com\/wp-content\/uploads\/2021\/08\/EJ3-150x150.jpg 150w, https:\/\/tvsensor.com\/wp-content\/uploads\/2021\/08\/EJ3-768x768.jpg 768w, https:\/\/tvsensor.com\/wp-content\/uploads\/2021\/08\/EJ3-1536x1536.jpg 1536w, https:\/\/tvsensor.com\/wp-content\/uploads\/2021\/08\/EJ3-300x300.jpg 300w, https:\/\/tvsensor.com\/wp-content\/uploads\/2021\/08\/EJ3-696x696.jpg 696w, https:\/\/tvsensor.com\/wp-content\/uploads\/2021\/08\/EJ3-1068x1068.jpg 1068w, https:\/\/tvsensor.com\/wp-content\/uploads\/2021\/08\/EJ3-65x65.jpg 65w, https:\/\/tvsensor.com\/wp-content\/uploads\/2021\/08\/EJ3.jpg 1890w\" sizes=\"auto, (max-width: 1600px) 100vw, 1600px\" \/><\/figure><\/li><li class=\"blocks-gallery-item\"><figure><img loading=\"lazy\" decoding=\"async\" width=\"1200\" height=\"1600\" src=\"https:\/\/tvsensor.com\/wp-content\/uploads\/2021\/08\/EJ4.jpg\" alt=\"\" data-id=\"33415\" data-link=\"https:\/\/tvsensor.com\/?attachment_id=33415\" class=\"wp-image-33415\" srcset=\"https:\/\/tvsensor.com\/wp-content\/uploads\/2021\/08\/EJ4.jpg 1200w, https:\/\/tvsensor.com\/wp-content\/uploads\/2021\/08\/EJ4-113x150.jpg 113w, https:\/\/tvsensor.com\/wp-content\/uploads\/2021\/08\/EJ4-768x1024.jpg 768w, https:\/\/tvsensor.com\/wp-content\/uploads\/2021\/08\/EJ4-1152x1536.jpg 1152w, https:\/\/tvsensor.com\/wp-content\/uploads\/2021\/08\/EJ4-150x200.jpg 150w, https:\/\/tvsensor.com\/wp-content\/uploads\/2021\/08\/EJ4-300x400.jpg 300w, https:\/\/tvsensor.com\/wp-content\/uploads\/2021\/08\/EJ4-696x928.jpg 696w, https:\/\/tvsensor.com\/wp-content\/uploads\/2021\/08\/EJ4-1068x1424.jpg 1068w\" sizes=\"auto, (max-width: 1200px) 100vw, 1200px\" \/><\/figure><\/li><li class=\"blocks-gallery-item\"><figure><img loading=\"lazy\" decoding=\"async\" width=\"695\" height=\"441\" src=\"https:\/\/tvsensor.com\/wp-content\/uploads\/2021\/08\/EJ.jpg\" alt=\"\" data-id=\"33418\" data-full-url=\"https:\/\/tvsensor.com\/wp-content\/uploads\/2021\/08\/EJ.jpg\" data-link=\"https:\/\/tvsensor.com\/?attachment_id=33418\" class=\"wp-image-33418\" srcset=\"https:\/\/tvsensor.com\/wp-content\/uploads\/2021\/08\/EJ.jpg 695w, https:\/\/tvsensor.com\/wp-content\/uploads\/2021\/08\/EJ-150x95.jpg 150w, https:\/\/tvsensor.com\/wp-content\/uploads\/2021\/08\/EJ-300x190.jpg 300w\" sizes=\"auto, (max-width: 695px) 100vw, 695px\" \/><\/figure><\/li><\/ul><\/figure>\n","protected":false},"excerpt":{"rendered":"<p>Bez imalo sumnje, svaka iole svjesna i savjesna osoba ma\u0161ta o boljem dru\u0161tvu, o boljem, pravednijem svijetu, bez negativnih socijalnih fenomena, svijetu gdje \u0107e svako dijete imati osnovne stvari potrebne za lijepo odrastanje i \u017eivot, o zajednici bez ovisnosti o psihoaktivnim supstancama, o proaktivnoj zajednici. Mnogi o tome ma\u0161taju, ali, na\u017ealost, malo je onih koji [&hellip;]<\/p>\n","protected":false},"author":57,"featured_media":33412,"comment_status":"open","ping_status":"closed","sticky":false,"template":"","format":"standard","meta":{"inline_featured_image":false,"footnotes":""},"categories":[43,75,37],"tags":[1412,1417,1414],"class_list":{"0":"post-33411","1":"post","2":"type-post","3":"status-publish","4":"format-standard","5":"has-post-thumbnail","7":"category-bih","8":"category-intervju","9":"category-vijesti","10":"tag-emir-jukan","11":"tag-udruzenje","12":"tag-uspjesan"},"acf":[],"_links":{"self":[{"href":"https:\/\/tvsensor.com\/api\/wp\/v2\/posts\/33411","targetHints":{"allow":["GET"]}}],"collection":[{"href":"https:\/\/tvsensor.com\/api\/wp\/v2\/posts"}],"about":[{"href":"https:\/\/tvsensor.com\/api\/wp\/v2\/types\/post"}],"author":[{"embeddable":true,"href":"https:\/\/tvsensor.com\/api\/wp\/v2\/users\/57"}],"replies":[{"embeddable":true,"href":"https:\/\/tvsensor.com\/api\/wp\/v2\/comments?post=33411"}],"version-history":[{"count":2,"href":"https:\/\/tvsensor.com\/api\/wp\/v2\/posts\/33411\/revisions"}],"predecessor-version":[{"id":33420,"href":"https:\/\/tvsensor.com\/api\/wp\/v2\/posts\/33411\/revisions\/33420"}],"wp:featuredmedia":[{"embeddable":true,"href":"https:\/\/tvsensor.com\/api\/wp\/v2\/media\/33412"}],"wp:attachment":[{"href":"https:\/\/tvsensor.com\/api\/wp\/v2\/media?parent=33411"}],"wp:term":[{"taxonomy":"category","embeddable":true,"href":"https:\/\/tvsensor.com\/api\/wp\/v2\/categories?post=33411"},{"taxonomy":"post_tag","embeddable":true,"href":"https:\/\/tvsensor.com\/api\/wp\/v2\/tags?post=33411"}],"curies":[{"name":"wp","href":"https:\/\/api.w.org\/{rel}","templated":true}]}}