{"id":33061,"date":"2021-07-15T10:37:32","date_gmt":"2021-07-15T09:37:32","guid":{"rendered":"https:\/\/senzor.ba\/?p=33061"},"modified":"2024-01-15T21:26:13","modified_gmt":"2024-01-15T20:26:13","slug":"suljagic-upire-prstom-na-glavnu-tuziteljicu-proslo-je-godinu-dana","status":"publish","type":"post","link":"https:\/\/tvsensor.com\/clanak\/suljagic-upire-prstom-na-glavnu-tuziteljicu-proslo-je-godinu-dana\/","title":{"rendered":"Suljagi\u0107 upire prstom na glavnu tu\u017eiteljicu: Pro\u0161lo je godinu dana\u2026"},"content":{"rendered":"\n<p>Direktor Memorijalnog centra Srebrenica Emir Suljagi\u0107 aktivan je na dru\u0161tvenim mre\u017eama.<\/p>\n\n\n\n<p>Tako se Suljagi\u0107 na Twitteru osvrnuo na propuste u radu glavne tu\u017eiteljice Tu\u017eiteljstva BiH Gordane Tadi\u0107.<\/p>\n\n\n\n<p>&#8211; Pro\u0161lo je isto tako skoro godinu dana otkako je kompletan ekosistem medija pod kontrolom Milorada Dodika objavio identitet za\u0161ti\u0107enog svjedoka. Gordana Tadi\u0107 to ne smatra krivi\u010dnim djelom \u2013 podje\u0107a Suljagi\u0107 i dodaje:<\/p>\n\n\n\n<p>&#8211; Pro\u0161lo je skoro godinu dana otkad je objelodanjeno da je za\u0161ti\u0107eni svjedok Tu\u017eila\u0161tva BiH smjestio Radovana Vi\u0161kovi\u0107a u kontekst prekopavanja masovnih grobnica nakon genocida u i oko Srebrenice. Gordana Tadi\u0107 se na to nije ni osvrnula \u2013 upozorava Suljagi\u0107.<\/p>\n\n\n\n<figure class=\"wp-block-embed is-type-rich is-provider-twitter wp-block-embed-twitter\"><div class=\"wp-block-embed__wrapper\">\n<blockquote class=\"twitter-tweet\" data-width=\"550\" data-dnt=\"true\"><p lang=\"und\" dir=\"ltr\">Pro\u0161lo je isto tako skoro godinu dana otkako je kompletan ekosistem medija pod kontrolom Milorada Dodika objavio identitet za\u0161ti\u0107enog svjedoka. Gordana Tadi\u0107 to ne smatra krivi\u010dnim djelom. <a href=\"https:\/\/t.co\/izpXfysB64\">https:\/\/t.co\/izpXfysB64<\/a><\/p>&mdash; Emir Suljagi\u0107 (@suljagicemir1) <a href=\"https:\/\/twitter.com\/suljagicemir1\/status\/1415575214377902081?ref_src=twsrc%5Etfw\">July 15, 2021<\/a><\/blockquote><script async src=\"https:\/\/platform.twitter.com\/widgets.js\" charset=\"utf-8\"><\/script>\n<\/div><\/figure>\n","protected":false},"excerpt":{"rendered":"<p>Direktor Memorijalnog centra Srebrenica Emir Suljagi\u0107 aktivan je na dru\u0161tvenim mre\u017eama. Tako se Suljagi\u0107 na Twitteru osvrnuo na propuste u radu glavne tu\u017eiteljice Tu\u017eiteljstva BiH Gordane Tadi\u0107. &#8211; Pro\u0161lo je isto tako skoro godinu dana otkako je kompletan ekosistem medija pod kontrolom Milorada Dodika objavio identitet za\u0161ti\u0107enog svjedoka. Gordana Tadi\u0107 to ne smatra krivi\u010dnim djelom [&hellip;]<\/p>\n","protected":false},"author":59,"featured_media":33062,"comment_status":"open","ping_status":"closed","sticky":false,"template":"","format":"standard","meta":{"inline_featured_image":false,"footnotes":""},"categories":[234],"tags":[],"class_list":{"0":"post-33061","1":"post","2":"type-post","3":"status-publish","4":"format-standard","5":"has-post-thumbnail","7":"category-politika"},"acf":[],"_links":{"self":[{"href":"https:\/\/tvsensor.com\/api\/wp\/v2\/posts\/33061","targetHints":{"allow":["GET"]}}],"collection":[{"href":"https:\/\/tvsensor.com\/api\/wp\/v2\/posts"}],"about":[{"href":"https:\/\/tvsensor.com\/api\/wp\/v2\/types\/post"}],"author":[{"embeddable":true,"href":"https:\/\/tvsensor.com\/api\/wp\/v2\/users\/59"}],"replies":[{"embeddable":true,"href":"https:\/\/tvsensor.com\/api\/wp\/v2\/comments?post=33061"}],"version-history":[{"count":1,"href":"https:\/\/tvsensor.com\/api\/wp\/v2\/posts\/33061\/revisions"}],"predecessor-version":[{"id":33063,"href":"https:\/\/tvsensor.com\/api\/wp\/v2\/posts\/33061\/revisions\/33063"}],"wp:featuredmedia":[{"embeddable":true,"href":"https:\/\/tvsensor.com\/api\/wp\/v2\/media\/33062"}],"wp:attachment":[{"href":"https:\/\/tvsensor.com\/api\/wp\/v2\/media?parent=33061"}],"wp:term":[{"taxonomy":"category","embeddable":true,"href":"https:\/\/tvsensor.com\/api\/wp\/v2\/categories?post=33061"},{"taxonomy":"post_tag","embeddable":true,"href":"https:\/\/tvsensor.com\/api\/wp\/v2\/tags?post=33061"}],"curies":[{"name":"wp","href":"https:\/\/api.w.org\/{rel}","templated":true}]}}