{"id":33057,"date":"2021-07-15T09:49:38","date_gmt":"2021-07-15T08:49:38","guid":{"rendered":"https:\/\/senzor.ba\/?p=33057"},"modified":"2024-01-15T21:26:13","modified_gmt":"2024-01-15T20:26:13","slug":"igk-od-gradonacelnika-prijedora-trazi-da-20-juli-proglasi-danom-zalosti","status":"publish","type":"post","link":"https:\/\/tvsensor.com\/clanak\/igk-od-gradonacelnika-prijedora-trazi-da-20-juli-proglasi-danom-zalosti\/","title":{"rendered":"IGK od gradona\u010delnika Prijedora tra\u017ei da 20. juli proglasi danom \u017ealosti"},"content":{"rendered":"\n<p>Institut za istra\u017eivanje genocida Kanada (IGK) uputio je otvoreno pismo gradona\u010delniku Prijedora od kojeg tra\u017ee, kako su naveli, da kona\u010dno poka\u017ee minimum ljudskosti i proglasi 20. juli Danom \u017ealosti na podru\u010dju Prijedora za civilne \u017ertve, za ubijenu djecu, za ubijene \u017eene koji su sada samo ta\u010dke u vremenu i prostoru gdje je zlo\u010dina\u010dka ruka ostvarila svoje namjere.<\/p>\n\n\n\n<p>Imate ponovo priliku na ovaj bitan dan za kulturu sje\u0107anja, za \u017ertve i samim tim i za bolji Prijedor poslati poruke mira, tolerancije i opomene iz Prijedora, poruku kojom \u0107ete iskazati po\u0161tovanje prema \u017ertvama genocida. Prekinite anticivilizacijsku tradiciju op\u0107inskih vlasti Prijedora koje jo\u0161 nikada nisu javno priznale djela tada\u0161njih vlasti i odale pokajanje za patnje kroz koje su pro\u0161le na hiljade Bo\u0161njaka i Hrvata, te pru\u017eile ruku pomirenja i pokajanja \u2013 naveli su iz IGK.<\/p>\n\n\n\n<p><strong>Zajedni\u010dka budu\u0107nost<\/strong><\/p>\n\n\n\n<p>Pozvali su gradona\u010delnika da doprinese zajedni\u010dkoj budu\u0107nosti Prijedora na bazi istine i pravde, na bazi priznanja i pokajanja za zlo\u010din, a samim tim i zajedni\u010dke budu\u0107nosti dr\u017eave Bosne i Hercegovine.<\/p>\n\n\n\n<p>Mi nastavljamo me\u0111unarodnu kampanju da se \u017ertvama genocida u Prijedoru omogu\u0107i dostojanstveno sje\u0107anje i obilje\u017eavanje, kao i podizanje adekvatnog spomen-obilje\u017eja, kao opomene na strahote genocida. U saradnji sa ameri\u010dkim i kanadskim organima i organizacijama za za\u0161titu ljudskih prava i sloboda i dalje radimo da \u017ertve genocida u Prijedoru dobiju pravo da se zloglasni koncentracioni logori obilje\u017ee kao spomen-strati\u0161ta Bo\u0161njaka i Hrvata u Prijedoru, te da 31. maj postane trajno datumsko obilje\u017eje prijedorskih bijelih traka i da se 20. juli trajno proglasi Danom \u017ealosti u gradu Prijedoru \u2013 kazali su.<br>U tom smislu, kako nagla\u0161avaju, naredne godine se o\u010dekuje usvajanje rezolucije Kanadskog parlamenta o genocidu u Prijedoru.<\/p>\n\n\n\n<p>&#8211; Ahmed Hussen, ministar u vladi Justina Trudeau i Brian Masse, \u010dlan kanadskog parlamenta su zlo\u010din u Prijedoru nazvali jedino ispravnim imenom \u2013 genocid. Zna\u010daj ove rezolucije je u tom \u0161to \u0107e se pored Sreberenice po prvi put zvani\u010dno u rezoluciji Kanadskog parlamenta imenovati genocid u Prijedoru. Zlo\u010din u Prijedoru koga je nauka odredila kao genocid podsjetio je svijet da su tokom agresije na Republiku BiH po\u010dinjeni najte\u017ei ratni zlo\u010dini uklju\u010duju\u0107i i zlo\u010din genocida \u2013 naveli su iz IGK.<\/p>\n\n\n\n<p><strong>Kultura sje\u0107anja<\/strong><\/p>\n\n\n\n<p>Kako dodaju, predvi\u0111eno je da se rezolucijom 20. juli proglasi danom sje\u0107anja na \u017ertve genocida u Prijedoru u Kanadi i da se tokom aprila koji je rezolucijom kanadskog parlamenta progla\u0161en mjesecom brobe protiv genocida, i genocid Prijedoru tretira isto kao i drugi priznati genocidi u Kanadi.<\/p>\n\n\n\n<p>&#8211; IGK \u0107e uskoro po\u010deti razgovore s predstavnicima Muzeja za ljudska prava Kanade o postavci stalne izlo\u017ebe o genocidu u Prijedoru. Tako\u0111er su po\u010dele pripreme da se genocid u Prijedoru u nekim kanadskim \u0161kolama izu\u010dava zajedno sa genocidom u Srebrenici \u2013 ka\u017eu iz IGK.<\/p>\n\n\n\n<p>Kultura sje\u0107anja, isti\u010du, podrazumijeva ne samo sje\u0107anje na genocid, ve\u0107 i aktivnu borbu protiv negatora genocida, protiv veli\u010danja osu\u0111enih ratnih zlo\u010dinaca, prekrajanja historijskih, sudskih i nau\u010dno istra\u017eiva\u010dkih \u010dinjenica koje umjesto negiranja trebaju biti put katarze i tra\u017eenja oprosta od \u017ertve.<\/p>\n\n\n\n<p>&#8211; Vi gradona\u010delni\u0107e mo\u017eete dati va\u0161 li\u010dni doprinos, a i doprinos Skup\u0161tine grada institucionalizaciji kulture sje\u0107anja. Civilizacijska je obaveza i ljudska potreba dati prilog razvijanju kulture sje\u0107anja na \u017ertve genocida. Sada imate ponovo priliku za to \u2013 zaklju\u010dili su iz IGK.<\/p>\n","protected":false},"excerpt":{"rendered":"<p>Institut za istra\u017eivanje genocida Kanada (IGK) uputio je otvoreno pismo gradona\u010delniku Prijedora od kojeg tra\u017ee, kako su naveli, da kona\u010dno poka\u017ee minimum ljudskosti i proglasi 20. juli Danom \u017ealosti na podru\u010dju Prijedora za civilne \u017ertve, za ubijenu djecu, za ubijene \u017eene koji su sada samo ta\u010dke u vremenu i prostoru gdje je zlo\u010dina\u010dka ruka ostvarila [&hellip;]<\/p>\n","protected":false},"author":59,"featured_media":33058,"comment_status":"open","ping_status":"closed","sticky":false,"template":"","format":"standard","meta":{"inline_featured_image":false,"footnotes":""},"categories":[234],"tags":[],"class_list":{"0":"post-33057","1":"post","2":"type-post","3":"status-publish","4":"format-standard","5":"has-post-thumbnail","7":"category-politika"},"acf":[],"_links":{"self":[{"href":"https:\/\/tvsensor.com\/api\/wp\/v2\/posts\/33057","targetHints":{"allow":["GET"]}}],"collection":[{"href":"https:\/\/tvsensor.com\/api\/wp\/v2\/posts"}],"about":[{"href":"https:\/\/tvsensor.com\/api\/wp\/v2\/types\/post"}],"author":[{"embeddable":true,"href":"https:\/\/tvsensor.com\/api\/wp\/v2\/users\/59"}],"replies":[{"embeddable":true,"href":"https:\/\/tvsensor.com\/api\/wp\/v2\/comments?post=33057"}],"version-history":[{"count":2,"href":"https:\/\/tvsensor.com\/api\/wp\/v2\/posts\/33057\/revisions"}],"predecessor-version":[{"id":33060,"href":"https:\/\/tvsensor.com\/api\/wp\/v2\/posts\/33057\/revisions\/33060"}],"wp:featuredmedia":[{"embeddable":true,"href":"https:\/\/tvsensor.com\/api\/wp\/v2\/media\/33058"}],"wp:attachment":[{"href":"https:\/\/tvsensor.com\/api\/wp\/v2\/media?parent=33057"}],"wp:term":[{"taxonomy":"category","embeddable":true,"href":"https:\/\/tvsensor.com\/api\/wp\/v2\/categories?post=33057"},{"taxonomy":"post_tag","embeddable":true,"href":"https:\/\/tvsensor.com\/api\/wp\/v2\/tags?post=33057"}],"curies":[{"name":"wp","href":"https:\/\/api.w.org\/{rel}","templated":true}]}}