{"id":33034,"date":"2021-07-14T16:36:02","date_gmt":"2021-07-14T15:36:02","guid":{"rendered":"https:\/\/senzor.ba\/?p=33034"},"modified":"2024-01-15T21:26:18","modified_gmt":"2024-01-15T20:26:18","slug":"hamdija-abdic-tigar-milanovic-je-bar-mogao-uzeti-pusku-i-braniti-svoju-zemlju-a-ne-da-mu-je-armija-rbih-oslobadja","status":"publish","type":"post","link":"https:\/\/tvsensor.com\/clanak\/hamdija-abdic-tigar-milanovic-je-bar-mogao-uzeti-pusku-i-braniti-svoju-zemlju-a-ne-da-mu-je-armija-rbih-oslobadja\/","title":{"rendered":"Hamdija Abdi\u0107 Tigar: Milanovi\u0107 je bar mogao uzeti pu\u0161ku i braniti svoju zemlju, a ne da mu je Armija RBiH osloba\u0111a"},"content":{"rendered":"\n<p><strong>Da nije bilo \u010dasnih pripadnika Armije Republike Bosne i Hercegovine, koji su nevi\u0111enim i ranije nezabilje\u017eenim \u010dudom otpora branili nezavisnost me\u0111unarodno priznate dr\u017eave, danas ne bismo imali ni zemlju ni ime ni slobodu, niti pravo da se sje\u0107amo svih nedu\u017enih \u017ertava agresora.<\/strong><\/p>\n\n\n\n<p>Gost emisije Dobar dan BiH&nbsp;<a href=\"https:\/\/hayat.ba\/452566-2\/452566\/\" target=\"_blank\" rel=\"noreferrer noopener\">Hayat televizije<\/a>&nbsp;bio je biv\u0161i komandant 502. Vite\u0161ke brigade Hamdija Abdi\u0107 Tigar koji je govorio o de\u0161avanjima posljednjih dana, ali se prisjetio i dana agresije na BiH.<\/p>\n\n\n\n<p>Kako govori, mislio je da kada je rat stao, kako vrijeme bude odmicalo, da \u0107e o\u010dvrsnuti, i da \u0107e emocije biti manje. Me\u0111utim, emocije se sve vi\u0161e poja\u010davaju.<\/p>\n\n\n\n<p>\u2013 I ja sam vi\u0161e puta bio u Srebrenici. Svake godine mi je sve te\u017ee. Prisje\u0107am se i de\u0161avanja u Krajini i uvijek razmi\u0161ljamo \u0161ta bi bilo, kad bi bilo. Uvijek moramo izvu\u0107i poruke, da se takve stvari ne bi desile \u2013 ka\u017ee on.<\/p>\n\n\n\n<p>Dotakao se i izjave predsjednika Hrvatske Zorana Milanovi\u0107a koji je kazao je da je hrvatska vojska spasila Biha\u0107 od toga da postane druga Srebrenica.<\/p>\n\n\n\n<p>Abdi\u0107 je rekao da bi volio da je Milanovi\u0107 bar branio svoju zemlju. On je imao priliku da brani Hrvatsku, a ne da je pripadnici Armije RBiH osloba\u0111aju, a oni su je osloba\u0111ali.<\/p>\n\n\n\n<p>\u2013 On je tada imao 24-25 godina. Umjesto da je oti\u0161ao u sud da radi, u Ministarstvo vanjskih poslova, mogao je da uzme pu\u0161ku i do\u0111e u Li\u010dko Petrovo selo, na Plitvi\u010dka jezera, da vidi ko je oslobodio te dijelove. Ne\u0107u da umanjim zna\u010daj Oluje, ali ne mogu ni prihvatiti omalova\u017eavanje Petog korpusa koji je 1.201 dan u totalnom okru\u017eenju, totalnim borbama i bitkama uspio da se odbrani, bez i\u010dije pomo\u0107i. Gdje god je bila ve\u0107ina bosanske vojske, Armije BiH, tu nije bilo sukoba, gdje je bila ve\u0107ina HVO-a, tu je do\u0161lo do sukoba. Biha\u0107 tome svjedo\u010di, i Sarajevo. Zato Milanovi\u0107 nema pravo na takvu pri\u010du, da je hrvatska vojska spasila Biha\u0107, oslobodila Biha\u0107 da ne bude Srebrenica \u2013 govori Abdi\u0107.<\/p>\n\n\n\n<p>Prisje\u0107a se da je Peti korpus imalo toliko iskustva i toliko su bili uvje\u017ebani, da vi\u0161e nisu mogli biti pora\u017eeni.<\/p>\n\n\n\n<p>\u2013 Mi smo se naoru\u017eali od neprijatelja. Rat smo zavr\u0161ili sa desetinama tenkova, sa stotinama artiljerijskog oru\u017eja, svaki vojnik je imao pu\u0161ku. To smo u 90 posto slu\u010dajeva oteli od neprijatelja, svojom hrabro\u0161\u0107u i svojom opredjeljeno\u0161\u0107u da opstanemo na ovim prostorima \u2013 ka\u017ee Abdi\u0107.<\/p>\n\n\n\n<p>Dodaje da Milanovi\u0107 da ima iole obraza, ne bi do\u0161ao u Bosnu 11. jula, kad zna da su o\u010di cijelog svijeta uprte u nju.<\/p>\n\n\n\n<p>\u2013 Posjetio je Vitez, \u0161to je uredu, i Spomenik stradaloj djeci. Ali za\u0161to nije pre\u0161ao cestu i oti\u0161ao u Ahmi\u0107e gdje su napravljeni stravi\u010dni zlo\u010dini i pobijeno od djeteta do staraca? Mi vidimo transformaciju takvih ljudi. Prije 10 godina bio je u Sarajevu i podr\u017eavao Kom\u0161i\u0107a \u2013 ka\u017ee Abdi\u0107.<\/p>\n\n\n\n<p>Dodaje kako se sla\u017ee da moramo na\u0107i na\u010din i da ni jedan narod ne mo\u017ee biti sputavan.<\/p>\n\n\n\n<p>\u2013 Mi smo se borili za to i mi \u0107emo na\u0107i rje\u0161enje. Ali nije on taj koji treba da ovdje dolazi i ucjenjuje i da on govori da ne\u0107e do\u0107i u Sarajevo dok se neke stvari ne urade. A ovamo govori kontra, da treba sjesti i razgovarati. Misli da je on plava krv. Gospodine do\u0111i i pro\u0161etaj po Sarajevu i po BiH, pa \u0107e\u0161 vidjeti kakvi se tu ljudi kre\u0107u i kakva su to gostoprimstva. Mi trebamo biti ponosni na svoj narod i borbu i ne dozvoliti takvim ljudima da nas prave manje vrijednim i spo\u010ditavaju. Nikad nismo popustili nikakvim cipelama da nas gaze \u2013 poru\u010dio je Abdi\u0107.<\/p>\n\n\n\n<figure class=\"wp-block-embed is-type-video is-provider-youtube wp-block-embed-youtube wp-embed-aspect-16-9 wp-has-aspect-ratio\"><div class=\"wp-block-embed__wrapper\">\n<iframe loading=\"lazy\" title=\"ABDI\u0106 ZA HAYAT: AKO JE MILANOVI\u0106 POSJETIO VITEZ, ZA\u0160TO NIJE PRE\u0160AO CESTU I OTI\u0160AO U AHMI\u0106E\" width=\"696\" height=\"392\" src=\"https:\/\/www.youtube.com\/embed\/TSbRQwI2H3s?feature=oembed\" frameborder=\"0\" allow=\"accelerometer; autoplay; clipboard-write; encrypted-media; gyroscope; picture-in-picture\" allowfullscreen><\/iframe>\n<\/div><\/figure>\n","protected":false},"excerpt":{"rendered":"<p>Da nije bilo \u010dasnih pripadnika Armije Republike Bosne i Hercegovine, koji su nevi\u0111enim i ranije nezabilje\u017eenim \u010dudom otpora branili nezavisnost me\u0111unarodno priznate dr\u017eave, danas ne bismo imali ni zemlju ni ime ni slobodu, niti pravo da se sje\u0107amo svih nedu\u017enih \u017ertava agresora. Gost emisije Dobar dan BiH&nbsp;Hayat televizije&nbsp;bio je biv\u0161i komandant 502. Vite\u0161ke brigade Hamdija [&hellip;]<\/p>\n","protected":false},"author":59,"featured_media":33035,"comment_status":"open","ping_status":"closed","sticky":false,"template":"","format":"standard","meta":{"inline_featured_image":false,"footnotes":""},"categories":[376,40],"tags":[],"class_list":{"0":"post-33034","1":"post","2":"type-post","3":"status-publish","4":"format-standard","5":"has-post-thumbnail","7":"category-featured","8":"category-region"},"acf":[],"_links":{"self":[{"href":"https:\/\/tvsensor.com\/api\/wp\/v2\/posts\/33034","targetHints":{"allow":["GET"]}}],"collection":[{"href":"https:\/\/tvsensor.com\/api\/wp\/v2\/posts"}],"about":[{"href":"https:\/\/tvsensor.com\/api\/wp\/v2\/types\/post"}],"author":[{"embeddable":true,"href":"https:\/\/tvsensor.com\/api\/wp\/v2\/users\/59"}],"replies":[{"embeddable":true,"href":"https:\/\/tvsensor.com\/api\/wp\/v2\/comments?post=33034"}],"version-history":[{"count":1,"href":"https:\/\/tvsensor.com\/api\/wp\/v2\/posts\/33034\/revisions"}],"predecessor-version":[{"id":33036,"href":"https:\/\/tvsensor.com\/api\/wp\/v2\/posts\/33034\/revisions\/33036"}],"wp:featuredmedia":[{"embeddable":true,"href":"https:\/\/tvsensor.com\/api\/wp\/v2\/media\/33035"}],"wp:attachment":[{"href":"https:\/\/tvsensor.com\/api\/wp\/v2\/media?parent=33034"}],"wp:term":[{"taxonomy":"category","embeddable":true,"href":"https:\/\/tvsensor.com\/api\/wp\/v2\/categories?post=33034"},{"taxonomy":"post_tag","embeddable":true,"href":"https:\/\/tvsensor.com\/api\/wp\/v2\/tags?post=33034"}],"curies":[{"name":"wp","href":"https:\/\/api.w.org\/{rel}","templated":true}]}}