{"id":33021,"date":"2021-07-14T16:21:24","date_gmt":"2021-07-14T15:21:24","guid":{"rendered":"https:\/\/senzor.ba\/?p=33021"},"modified":"2024-01-15T21:26:19","modified_gmt":"2024-01-15T20:26:19","slug":"u-bijeljini-i-janji-pocinje-izgradnja-infrastrukture-podrska-i-islamskoj-zajednici","status":"publish","type":"post","link":"https:\/\/tvsensor.com\/clanak\/u-bijeljini-i-janji-pocinje-izgradnja-infrastrukture-podrska-i-islamskoj-zajednici\/","title":{"rendered":"U Bijeljini i Janji po\u010dinje izgradnja infrastrukture, podr\u0161ka i Islamskoj zajednici"},"content":{"rendered":"\n<p>Federalni ministar raseljenih osoba i izbjeglica Edin Rami\u0107, gradona\u010delnik Bijeljine Ljubi\u0161a Petrovi\u0107, te predstavnici Med\u017elisa Islamske zajednice Bijeljina i Janja, potpisali su ugovore o izgradnji infrastrukture kao i objekata za potrebe Islamske zajednice.<\/p>\n\n\n\n<p>Ministarstvo \u0107e sufinansirati sve projekte za koje su potpisani sporazumi.<\/p>\n\n\n\n<p>\u201ePosjetili smo povratni\u010dku zajednicu u Janji i Bijeljini, sagledali njihove potrebe i na bazi realnih potreba danas potpisali sporazume o udru\u017eivanju sredstava. Ministarstvo i Grad Bijeljina \u0107e podjednako sufinansirati izgradnju puteva, uli\u010dne rasvjete, \u0161kolskih krovova, igrali\u0161ta i sportskih terena. Nastavljamo dobru saradnju sa gradskom upravom, a to zna\u010di vi\u0161e projekata i investicija u povratni\u010dkim sredinama. Raduje nas svaka saradnja koja popravlja kvalitet \u017eivota bilo kojeg povratnika u Bosni i Hercegovini. Izgradnja objekata za potrebe Islamske zajednice je usmjeren i na potrebe mladih. Njihove aktivnosti su u slu\u017ebi zajednice i \u017eelimo im olak\u0161ati taj posao kroz funkcionalne objekte gdje se okupljaju i djeluju prema povratnicima\u201c, kazao je ministar Rami\u0107<\/p>\n\n\n\n<p>Gradska uprava Grada Bijeljina osigurala je sredstva za podr\u0161ku povratku.<\/p>\n\n\n\n<p>\u201ePrethodna posjeta ministra Rami\u0107a nas je dodatno ohrabrila u namjeri da jo\u0161 sna\u017enije podr\u017eimo povratni\u010dku populaciju u Janji i Bijeljini. Pored infrastrukture, nastojimo pomo\u0107i u odr\u017eivom povratku, sjetvi, izgradnji stambenih objekata i zapo\u0161ljavanju. Opredijeljeni smo da saradnja sa povratnicima bude i bolja u svim segmentima na\u0161eg zajedni\u010dkog \u017eivota. Bijeljina i Janja \u0107e ostati primjer su\u017eivota svih naroda koji u njima \u017eive\u201c, istakao je gradona\u010delnik Petrovi\u0107<\/p>\n\n\n\n<p>Med\u017elisi Islamske zajednice Janja i Bijeljina nastavljaju izgradnju objekata za potrebe vjerske zajednice. Aktivnosti su usmjerene i na obradu vakufske zemlje, podr\u0161ku mladima i edukaciju kroz vjerske sadr\u017eaje. Ugovore o dodjeli sredstava su potpisali predstavnici oba Med\u017elisa. Isti\u010du da je dana\u0161njim potpisivanjem ugovora olak\u0161ana realizacija programskih ciljeva i da je saradnja ova dva Med\u017elisa i Ministarstva svake godine bolja, \u0161to se ogleda kroz broj realizovanih projekata.<\/p>\n","protected":false},"excerpt":{"rendered":"<p>Federalni ministar raseljenih osoba i izbjeglica Edin Rami\u0107, gradona\u010delnik Bijeljine Ljubi\u0161a Petrovi\u0107, te predstavnici Med\u017elisa Islamske zajednice Bijeljina i Janja, potpisali su ugovore o izgradnji infrastrukture kao i objekata za potrebe Islamske zajednice. Ministarstvo \u0107e sufinansirati sve projekte za koje su potpisani sporazumi. \u201ePosjetili smo povratni\u010dku zajednicu u Janji i Bijeljini, sagledali njihove potrebe i [&hellip;]<\/p>\n","protected":false},"author":59,"featured_media":33024,"comment_status":"open","ping_status":"closed","sticky":false,"template":"","format":"gallery","meta":{"inline_featured_image":false,"footnotes":""},"categories":[38],"tags":[],"class_list":{"0":"post-33021","1":"post","2":"type-post","3":"status-publish","4":"format-gallery","5":"has-post-thumbnail","7":"category-vijesti-iz-bih","8":"post_format-post-format-gallery"},"acf":[],"_links":{"self":[{"href":"https:\/\/tvsensor.com\/api\/wp\/v2\/posts\/33021","targetHints":{"allow":["GET"]}}],"collection":[{"href":"https:\/\/tvsensor.com\/api\/wp\/v2\/posts"}],"about":[{"href":"https:\/\/tvsensor.com\/api\/wp\/v2\/types\/post"}],"author":[{"embeddable":true,"href":"https:\/\/tvsensor.com\/api\/wp\/v2\/users\/59"}],"replies":[{"embeddable":true,"href":"https:\/\/tvsensor.com\/api\/wp\/v2\/comments?post=33021"}],"version-history":[{"count":2,"href":"https:\/\/tvsensor.com\/api\/wp\/v2\/posts\/33021\/revisions"}],"predecessor-version":[{"id":33030,"href":"https:\/\/tvsensor.com\/api\/wp\/v2\/posts\/33021\/revisions\/33030"}],"wp:featuredmedia":[{"embeddable":true,"href":"https:\/\/tvsensor.com\/api\/wp\/v2\/media\/33024"}],"wp:attachment":[{"href":"https:\/\/tvsensor.com\/api\/wp\/v2\/media?parent=33021"}],"wp:term":[{"taxonomy":"category","embeddable":true,"href":"https:\/\/tvsensor.com\/api\/wp\/v2\/categories?post=33021"},{"taxonomy":"post_tag","embeddable":true,"href":"https:\/\/tvsensor.com\/api\/wp\/v2\/tags?post=33021"}],"curies":[{"name":"wp","href":"https:\/\/api.w.org\/{rel}","templated":true}]}}