{"id":33018,"date":"2021-07-14T14:33:55","date_gmt":"2021-07-14T13:33:55","guid":{"rendered":"https:\/\/senzor.ba\/?p=33018"},"modified":"2024-01-15T21:26:20","modified_gmt":"2024-01-15T20:26:20","slug":"traze-pomoc-vojske-pozar-na-kupresu-se-siri-vatrena-stihija-usla-u-visoku-sumu","status":"publish","type":"post","link":"https:\/\/tvsensor.com\/clanak\/traze-pomoc-vojske-pozar-na-kupresu-se-siri-vatrena-stihija-usla-u-visoku-sumu\/","title":{"rendered":"Tra\u017ee pomo\u0107 vojske: Po\u017ear na Kupresu se \u0161iri, vatrena stihija u\u0161la u visoku \u0161umu"},"content":{"rendered":"\n<p><strong>Slu\u017ebenici DVD Kupres i \u0161umari gase veliki po\u017ear oko naselja Vukovsko pored Kupresa, gdje je vatrena stihija u\u0161la u prostor visoke \u0161ume, a u ga\u0161enju im poma\u017eu i mje\u0161tani.<\/strong><\/p>\n\n\n\n<p>Kako je Feni potvr\u0111eno s terena, po\u017ear je zahvatio prostor od 50 hektara visoke \u0161ume te se uz pomo\u0107 vjetra i dalje \u0161iri.<\/p>\n\n\n\n<p>Zemaljske snage daju sve od sebe, ali je upu\u0107en poziv za anga\u017eiranje helikoptera Oru\u017eanih snaga BiH, od kojih, kako isti\u010du iz Civilne za\u0161tite Kupres, jo\u0161 nemaju povratnu informaciju o eventualnom dolasku.<\/p>\n\n\n\n<p>Tako\u0111er, na podru\u010dju ove op\u0107ine od ju\u010der je aktivan po\u017ear na lokalitetu Kurljaj te se \u0161iri prema Procipu, ali zbog sumnje na postojanje mina, po\u017ear ne gase, ve\u0107 samo prate i ne dozvoljavaju njegovo rasplamsavanje na dijelovima gdje, prema njihovim informacijama, nema mina.<\/p>\n\n\n\n<p>Za ga\u0161enje ovog po\u017eara od ju\u010der je tako\u0111er preko Civilne za\u0161tite Livanjskog kantona upu\u0107en poziv za anga\u017eiranje helikoptera Oru\u017eanih snaga BiH.<\/p>\n","protected":false},"excerpt":{"rendered":"<p>Slu\u017ebenici DVD Kupres i \u0161umari gase veliki po\u017ear oko naselja Vukovsko pored Kupresa, gdje je vatrena stihija u\u0161la u prostor visoke \u0161ume, a u ga\u0161enju im poma\u017eu i mje\u0161tani. Kako je Feni potvr\u0111eno s terena, po\u017ear je zahvatio prostor od 50 hektara visoke \u0161ume te se uz pomo\u0107 vjetra i dalje \u0161iri. Zemaljske snage daju [&hellip;]<\/p>\n","protected":false},"author":59,"featured_media":33019,"comment_status":"open","ping_status":"closed","sticky":false,"template":"","format":"standard","meta":{"inline_featured_image":false,"footnotes":""},"categories":[38],"tags":[],"class_list":{"0":"post-33018","1":"post","2":"type-post","3":"status-publish","4":"format-standard","5":"has-post-thumbnail","7":"category-vijesti-iz-bih"},"acf":[],"_links":{"self":[{"href":"https:\/\/tvsensor.com\/api\/wp\/v2\/posts\/33018","targetHints":{"allow":["GET"]}}],"collection":[{"href":"https:\/\/tvsensor.com\/api\/wp\/v2\/posts"}],"about":[{"href":"https:\/\/tvsensor.com\/api\/wp\/v2\/types\/post"}],"author":[{"embeddable":true,"href":"https:\/\/tvsensor.com\/api\/wp\/v2\/users\/59"}],"replies":[{"embeddable":true,"href":"https:\/\/tvsensor.com\/api\/wp\/v2\/comments?post=33018"}],"version-history":[{"count":1,"href":"https:\/\/tvsensor.com\/api\/wp\/v2\/posts\/33018\/revisions"}],"predecessor-version":[{"id":33020,"href":"https:\/\/tvsensor.com\/api\/wp\/v2\/posts\/33018\/revisions\/33020"}],"wp:featuredmedia":[{"embeddable":true,"href":"https:\/\/tvsensor.com\/api\/wp\/v2\/media\/33019"}],"wp:attachment":[{"href":"https:\/\/tvsensor.com\/api\/wp\/v2\/media?parent=33018"}],"wp:term":[{"taxonomy":"category","embeddable":true,"href":"https:\/\/tvsensor.com\/api\/wp\/v2\/categories?post=33018"},{"taxonomy":"post_tag","embeddable":true,"href":"https:\/\/tvsensor.com\/api\/wp\/v2\/tags?post=33018"}],"curies":[{"name":"wp","href":"https:\/\/api.w.org\/{rel}","templated":true}]}}