{"id":33014,"date":"2021-07-14T12:55:00","date_gmt":"2021-07-14T11:55:00","guid":{"rendered":"https:\/\/senzor.ba\/?p=33014"},"modified":"2024-01-15T21:26:20","modified_gmt":"2024-01-15T20:26:20","slug":"covic-izetbegovic-i-bosnjacki-narod-nemaju-veceg-prijatelja-od-hrvatske","status":"publish","type":"post","link":"https:\/\/tvsensor.com\/clanak\/covic-izetbegovic-i-bosnjacki-narod-nemaju-veceg-prijatelja-od-hrvatske\/","title":{"rendered":"\u010covi\u0107: Izetbegovi\u0107 i bo\u0161nja\u010dki narod nemaju ve\u0107eg prijatelja od Hrvatske"},"content":{"rendered":"\n<p>&#8211; Predsjednika Hrvatske Zorana Milanovi\u0107a treba do\u017eivjeti kao predsjednika \u010dlanice Evropske unije i NATO saveza. I kada takvi ljudi ka\u017eu ne\u0161to \u0161to nam ne odgovara, ne trebamo to odmah komentirati kao neprijateljski \u010din &#8211; izjavio je predsjednik HDZ-a BiH Dragan \u010covi\u0107 komentiraju\u0107i negativne reakcije iz Sarajeva na izjave koje je tokom trodnevne posjete Bosni i Hercegovini davao Milanovi\u0107.<\/p>\n\n\n\n<p>&#8211; Uvjeren sam da kolega Bakir Izetbegovi\u0107 i bo\u0161nja\u010dki narod u cjelini nemaju ve\u0107eg prijatelja od predstavnika vlasti u Republici Hrvatskoj \u2013 dodao je \u010covi\u0107.<\/p>\n\n\n\n<p>Prema njegovim rije\u010dima, reakcije bo\u0161nja\u010dkih du\u017enosnika su iznena\u0111uju\u0107e, jer ni predsjednik Milanovi\u0107 ni premijer RH Andrej Plenkovi\u0107 se ne bavi unutarnjim, lokalnim odnosima u BiH.<\/p>\n\n\n\n<p>&#8211; Oni su evropski lideri, evropski politi\u010dari koji \u017eele dobro BiH. Njima je jasno da BiH, kao njihov prvi susjed, ne\u0107e stabilno funkcionirati bez potpune jednakopravnosti tri konstitutivna naroda koje \u0107e predstavljati njihovi legitimni predstavnici \u2013 poru\u010dio je \u010covi\u0107.<\/p>\n","protected":false},"excerpt":{"rendered":"<p>&#8211; Predsjednika Hrvatske Zorana Milanovi\u0107a treba do\u017eivjeti kao predsjednika \u010dlanice Evropske unije i NATO saveza. I kada takvi ljudi ka\u017eu ne\u0161to \u0161to nam ne odgovara, ne trebamo to odmah komentirati kao neprijateljski \u010din &#8211; izjavio je predsjednik HDZ-a BiH Dragan \u010covi\u0107 komentiraju\u0107i negativne reakcije iz Sarajeva na izjave koje je tokom trodnevne posjete Bosni i [&hellip;]<\/p>\n","protected":false},"author":59,"featured_media":33015,"comment_status":"open","ping_status":"closed","sticky":false,"template":"","format":"standard","meta":{"inline_featured_image":false,"footnotes":""},"categories":[234],"tags":[],"class_list":{"0":"post-33014","1":"post","2":"type-post","3":"status-publish","4":"format-standard","5":"has-post-thumbnail","7":"category-politika"},"acf":[],"_links":{"self":[{"href":"https:\/\/tvsensor.com\/api\/wp\/v2\/posts\/33014","targetHints":{"allow":["GET"]}}],"collection":[{"href":"https:\/\/tvsensor.com\/api\/wp\/v2\/posts"}],"about":[{"href":"https:\/\/tvsensor.com\/api\/wp\/v2\/types\/post"}],"author":[{"embeddable":true,"href":"https:\/\/tvsensor.com\/api\/wp\/v2\/users\/59"}],"replies":[{"embeddable":true,"href":"https:\/\/tvsensor.com\/api\/wp\/v2\/comments?post=33014"}],"version-history":[{"count":1,"href":"https:\/\/tvsensor.com\/api\/wp\/v2\/posts\/33014\/revisions"}],"predecessor-version":[{"id":33016,"href":"https:\/\/tvsensor.com\/api\/wp\/v2\/posts\/33014\/revisions\/33016"}],"wp:featuredmedia":[{"embeddable":true,"href":"https:\/\/tvsensor.com\/api\/wp\/v2\/media\/33015"}],"wp:attachment":[{"href":"https:\/\/tvsensor.com\/api\/wp\/v2\/media?parent=33014"}],"wp:term":[{"taxonomy":"category","embeddable":true,"href":"https:\/\/tvsensor.com\/api\/wp\/v2\/categories?post=33014"},{"taxonomy":"post_tag","embeddable":true,"href":"https:\/\/tvsensor.com\/api\/wp\/v2\/tags?post=33014"}],"curies":[{"name":"wp","href":"https:\/\/api.w.org\/{rel}","templated":true}]}}