{"id":33011,"date":"2021-07-14T12:50:53","date_gmt":"2021-07-14T11:50:53","guid":{"rendered":"https:\/\/senzor.ba\/?p=33011"},"modified":"2024-01-15T21:26:21","modified_gmt":"2024-01-15T20:26:21","slug":"komsic-i-mijatovic-ideja-gradjanske-bih-ne-smije-biti-taocem-uskih-stranackih-interesa","status":"publish","type":"post","link":"https:\/\/tvsensor.com\/clanak\/komsic-i-mijatovic-ideja-gradjanske-bih-ne-smije-biti-taocem-uskih-stranackih-interesa\/","title":{"rendered":"Kom\u0161i\u0107 i Mijatovi\u0107: Ideja gra\u0111anske BiH ne smije biti taocem uskih strana\u010dkih interesa"},"content":{"rendered":"\n<p>Potpredsjednik SDP-a Vojin Mijatovi\u0107 danas je Sarajevu razgovarao sa \u017deljkom Kom\u0161i\u0107em, \u010dlanom Predsjedni\u0161tva Bosne i Hercegovine.<\/p>\n\n\n\n<p>Razgovarali su o aktivnostima i politi\u010dkim otporima u okviru NATO i EU integracija, konstatuju\u0107i da NATO i EU put BiH nemaju alternativu.<\/p>\n\n\n\n<p>Istaknuta je zajedni\u010dka opredjeljenost za ja\u010danjem gra\u0111anskog koncepta u Bosni i Hercegovini. Navedeno je da ideja gra\u0111anske Bosne i Hercegovine ne smije biti taocem uskih strana\u010dkih interesa.<\/p>\n\n\n\n<p>Re\u010deno je da ne mo\u017ee biti kompromisa izme\u0111u ideje gra\u0111anske dr\u017eave i politika etni\u010dke razgradnje dr\u017eave Bosne i Hercegovine.<\/p>\n\n\n\n<p>&#8211; Izrazio sam punu podr\u0161ku pozicijama Kom\u0161i\u0107a vezane za izmjene Izbornog zakona u skladu sa presudama Evropskog suda za ljudska prava \u2013 objavio je Mijatovi\u0107 na Facebooku.<\/p>\n\n\n\n<iframe loading=\"lazy\" src=\"https:\/\/www.facebook.com\/plugins\/post.php?href=https%3A%2F%2Fwww.facebook.com%2Fvojinbg%2Fposts%2F4503580586321349&amp;show_text=true&amp;width=500\" width=\"500\" height=\"560\" style=\"border:none;overflow:hidden\" scrolling=\"no\" frameborder=\"0\" allowfullscreen=\"true\" allow=\"autoplay; clipboard-write; encrypted-media; picture-in-picture; web-share\"><\/iframe>\n","protected":false},"excerpt":{"rendered":"<p>Potpredsjednik SDP-a Vojin Mijatovi\u0107 danas je Sarajevu razgovarao sa \u017deljkom Kom\u0161i\u0107em, \u010dlanom Predsjedni\u0161tva Bosne i Hercegovine. Razgovarali su o aktivnostima i politi\u010dkim otporima u okviru NATO i EU integracija, konstatuju\u0107i da NATO i EU put BiH nemaju alternativu. Istaknuta je zajedni\u010dka opredjeljenost za ja\u010danjem gra\u0111anskog koncepta u Bosni i Hercegovini. Navedeno je da ideja gra\u0111anske [&hellip;]<\/p>\n","protected":false},"author":59,"featured_media":33012,"comment_status":"open","ping_status":"closed","sticky":false,"template":"","format":"standard","meta":{"inline_featured_image":false,"footnotes":""},"categories":[43],"tags":[],"class_list":{"0":"post-33011","1":"post","2":"type-post","3":"status-publish","4":"format-standard","5":"has-post-thumbnail","7":"category-bih"},"acf":[],"_links":{"self":[{"href":"https:\/\/tvsensor.com\/api\/wp\/v2\/posts\/33011","targetHints":{"allow":["GET"]}}],"collection":[{"href":"https:\/\/tvsensor.com\/api\/wp\/v2\/posts"}],"about":[{"href":"https:\/\/tvsensor.com\/api\/wp\/v2\/types\/post"}],"author":[{"embeddable":true,"href":"https:\/\/tvsensor.com\/api\/wp\/v2\/users\/59"}],"replies":[{"embeddable":true,"href":"https:\/\/tvsensor.com\/api\/wp\/v2\/comments?post=33011"}],"version-history":[{"count":1,"href":"https:\/\/tvsensor.com\/api\/wp\/v2\/posts\/33011\/revisions"}],"predecessor-version":[{"id":33013,"href":"https:\/\/tvsensor.com\/api\/wp\/v2\/posts\/33011\/revisions\/33013"}],"wp:featuredmedia":[{"embeddable":true,"href":"https:\/\/tvsensor.com\/api\/wp\/v2\/media\/33012"}],"wp:attachment":[{"href":"https:\/\/tvsensor.com\/api\/wp\/v2\/media?parent=33011"}],"wp:term":[{"taxonomy":"category","embeddable":true,"href":"https:\/\/tvsensor.com\/api\/wp\/v2\/categories?post=33011"},{"taxonomy":"post_tag","embeddable":true,"href":"https:\/\/tvsensor.com\/api\/wp\/v2\/tags?post=33011"}],"curies":[{"name":"wp","href":"https:\/\/api.w.org\/{rel}","templated":true}]}}