{"id":33008,"date":"2021-07-14T11:12:53","date_gmt":"2021-07-14T10:12:53","guid":{"rendered":"https:\/\/senzor.ba\/?p=33008"},"modified":"2024-01-15T21:26:21","modified_gmt":"2024-01-15T20:26:21","slug":"akademik-kurtcehajic-milanovicu","status":"publish","type":"post","link":"https:\/\/tvsensor.com\/clanak\/akademik-kurtcehajic-milanovicu\/","title":{"rendered":"Akademik Kurt\u0107ehaji\u0107 Milanovi\u0107u"},"content":{"rendered":"\n<p>Predsjednik Bosanske akademije nauka i umjetnosti \u201eKulin&nbsp;ban\u201c akademik Suad Kurt\u0107ehaji\u0107 poru\u010dio je Predsjedniku Republike Hrvatske Zoranu Milanovi\u0107u da odvoji malo vremena i pro\u010dita odredbu \u010dlana V Ustava Bosne i Hercegovine koja se odnosi na Predsjedni\u0161tvo Bosne i Hercegovine.<\/p>\n\n\n\n<p>Na samom po\u010detku te odredbe u njenom uvodnom dijelu jasno stoji:&nbsp;<strong>\u201ePredsjedni\u0161tvo Bosne i Hercegovine \u0107e se sastojati od tri \u010dlana: jedan Bo\u0161njak, jedan Hrvat od kojih se svaki bira&nbsp;<\/strong><strong>neposredno&nbsp;<\/strong><strong>sa teritorije Federacije, te jedan Srbin koji se bira&nbsp;<\/strong><strong>neposredno<\/strong><strong>&nbsp;sa teritorije Republike Srpske\u201c.<\/strong><\/p>\n\n\n\n<p>O\u010digledno nema odredbe da Hrvati u Bosni &nbsp;i Hercegovini biraju hrvatskog \u010dlana Predsjedni\u0161tva Bosne i Hercegovine &nbsp;nego biranje pripada gra\u0111anima &nbsp;Federacije Bosne i Hercegovine &nbsp;bez obzira kom narodu pripadaju s tim da &nbsp;jedan mora biti Bo\u0161njak a drugi Hrvat.&nbsp;<\/p>\n\n\n\n<p>I sve ovo stoji &nbsp;\u010dak i ako se potpuno &nbsp;zanemare \u010detiri presude Suda za ljudska prava u&nbsp;Strazburu&nbsp;koje zahtijevaju ustavnu implementaciju&nbsp;koja bi trebala da prethodi dono\u0161enju Izbornog zakona&nbsp;gdje su&nbsp;Sejdi\u0107&nbsp;i Finci dobili presudu protiv odredbe koja ih&nbsp;diskrimini\u0161e&nbsp;da kao Rom &nbsp;i&nbsp;Jevrej&nbsp;ne mogu da se&nbsp;kandiduju&nbsp;za \u010dlana Predsjedni\u0161tva BiH,&nbsp;Ilijas&nbsp;Pilav koji je dobio presudu protiv odredbe koja ga&nbsp;diskrimini\u0161e&nbsp;da kao Bo\u0161njak ne mo\u017ee da se&nbsp;kandiduje&nbsp;za \u010dlana Predsjedni\u0161tva iz reda bo\u0161nja\u010dkog naroda jer \u017eivi na teritoriji RS, Aida&nbsp;Zorni\u0107koja je dobila presudu protiv odredbe koja je&nbsp;diskrimini\u0161e&nbsp;zato \u0161to se izjasnila da ne pripada ni jednoj od tri etni\u010dke grupe iz kojih se biraju \u010dlanovi Predsjedni\u0161tva BiH &nbsp;i Svetozar&nbsp;Pudari\u0107&nbsp;koji je dobio presudu protiv diskriminatorne odredbe da kao Srbin u Federaciji BiH ne mo\u017ee da se&nbsp;kandiduje&nbsp;za \u010dlana Predsjedni\u0161tva BiH. Svi oni su dobili presude u svoju korist protiv diskriminatorne odredbe gore citirane koja je u direktnoj suprotnosti sa odredbom Ustava Bosne i Hercegovine sadr\u017eane u \u010dlanu II stav 2.&nbsp;<strong>\u201ePrava i slobode odre\u0111ene u Evropskoj konvenciji za za\u0161titu ljudskih prava i osnovnih sloboda &nbsp;i u njenim protokolima&nbsp;<\/strong><strong>se&nbsp;<\/strong><strong>direktno primjenjuju u Bosni i Hercegovini. Ovi akti imaju prioritet nad svim ostalim zakonima\u201c.&nbsp;<\/strong><\/p>\n\n\n\n<p><strong>Pozivanje Predsjednika Republike Hrvatske na konstitutivnost tako\u0111er nema osnove jer se u preambuli i drugim odredbama Ustava Bosne i Hercegovine na engleskom jeziku &nbsp;nigdje ne koristi termin &nbsp;<\/strong><strong>constitutive<\/strong><strong>&nbsp;( konstitutivni ) ve\u0107&nbsp;<\/strong><strong>constituent<\/strong><strong>&nbsp;(sastavni) i jasno je nazna\u010deno da Ustav BiH odre\u0111uju &nbsp;Bo\u0161njaci, Srbi i Hrvati zajedno sa drugim narodima i gra\u0111ani Bosne i Hercegovine.<\/strong><\/p>\n\n\n\n<p>I na kraju akademik Kurt\u0107ehaji\u0107 poru\u010duje Predsjedniku Republike Hrvatske Milanovi\u0107u da pro\u010dita odredbu \u010dlana 1. Op\u0107eg okvirnog sporazuma za mir u Bosni i Hercegovini gdje pored ostalog stoji \u201ePosebno strane (Bosna i Hercegovina, Hrvatska i Savezna Republika Jugoslavija- danas Srbija i Crna Gora kao dvije nezavisne dr\u017eave) \u0107e &nbsp;u potpunosti po\u0161tovati, suverenu jednakost jedna druge,&nbsp;rje\u0161ava\u0107e&nbsp;sporna pitanja mirnim sredstvima i uzdr\u017eat \u0107e se od bilo kakvih akcija putem prijetnje ili upotrebe sile&nbsp;<strong>ili na bilo koji drugi na\u010din, protiv teritorijalnog integriteta ili politi\u010dke nezavisnosti Bosne &nbsp;i Hercegovine ili bilo koje druge dr\u017eave\u201c.<\/strong><strong><\/strong><\/p>\n\n\n\n<p><strong>A da li se Milanovi\u0107 suzdr\u017eao od bilo kakve akcije koja dovodi u pitanje politi\u010dku nezavisnost Bosne i Hercegovine? Nije, a morao bi prema ovoj odredbi i to mu treba jasno re\u0107i jer je to preuzeta obaveza Republike Hrvatske kazao je Kurt\u0107ehaji\u0107.<\/strong><\/p>\n","protected":false},"excerpt":{"rendered":"<p>Predsjednik Bosanske akademije nauka i umjetnosti \u201eKulin&nbsp;ban\u201c akademik Suad Kurt\u0107ehaji\u0107 poru\u010dio je Predsjedniku Republike Hrvatske Zoranu Milanovi\u0107u da odvoji malo vremena i pro\u010dita odredbu \u010dlana V Ustava Bosne i Hercegovine koja se odnosi na Predsjedni\u0161tvo Bosne i Hercegovine. Na samom po\u010detku te odredbe u njenom uvodnom dijelu jasno stoji:&nbsp;\u201ePredsjedni\u0161tvo Bosne i Hercegovine \u0107e se sastojati [&hellip;]<\/p>\n","protected":false},"author":59,"featured_media":33009,"comment_status":"open","ping_status":"closed","sticky":false,"template":"","format":"standard","meta":{"inline_featured_image":false,"footnotes":""},"categories":[43,376,234,37],"tags":[],"class_list":{"0":"post-33008","1":"post","2":"type-post","3":"status-publish","4":"format-standard","5":"has-post-thumbnail","7":"category-bih","8":"category-featured","9":"category-politika","10":"category-vijesti"},"acf":[],"_links":{"self":[{"href":"https:\/\/tvsensor.com\/api\/wp\/v2\/posts\/33008","targetHints":{"allow":["GET"]}}],"collection":[{"href":"https:\/\/tvsensor.com\/api\/wp\/v2\/posts"}],"about":[{"href":"https:\/\/tvsensor.com\/api\/wp\/v2\/types\/post"}],"author":[{"embeddable":true,"href":"https:\/\/tvsensor.com\/api\/wp\/v2\/users\/59"}],"replies":[{"embeddable":true,"href":"https:\/\/tvsensor.com\/api\/wp\/v2\/comments?post=33008"}],"version-history":[{"count":1,"href":"https:\/\/tvsensor.com\/api\/wp\/v2\/posts\/33008\/revisions"}],"predecessor-version":[{"id":33010,"href":"https:\/\/tvsensor.com\/api\/wp\/v2\/posts\/33008\/revisions\/33010"}],"wp:featuredmedia":[{"embeddable":true,"href":"https:\/\/tvsensor.com\/api\/wp\/v2\/media\/33009"}],"wp:attachment":[{"href":"https:\/\/tvsensor.com\/api\/wp\/v2\/media?parent=33008"}],"wp:term":[{"taxonomy":"category","embeddable":true,"href":"https:\/\/tvsensor.com\/api\/wp\/v2\/categories?post=33008"},{"taxonomy":"post_tag","embeddable":true,"href":"https:\/\/tvsensor.com\/api\/wp\/v2\/tags?post=33008"}],"curies":[{"name":"wp","href":"https:\/\/api.w.org\/{rel}","templated":true}]}}