{"id":32976,"date":"2021-07-13T19:00:30","date_gmt":"2021-07-13T18:00:30","guid":{"rendered":"https:\/\/senzor.ba\/?p=32976"},"modified":"2024-01-15T21:26:23","modified_gmt":"2024-01-15T20:26:23","slug":"ogroman-pozar-u-brcko-distriktu-je-zahvatio-proizvodni-pogon","status":"publish","type":"post","link":"https:\/\/tvsensor.com\/clanak\/ogroman-pozar-u-brcko-distriktu-je-zahvatio-proizvodni-pogon\/","title":{"rendered":"Ogroman po\u017ear u Br\u010dko Distriktu je zahvatio proizvodni pogon"},"content":{"rendered":"\n<p>Kako saznajemo od na\u0161eg dopisnika Samela Zili\u0107a (<a href=\"http:\/\/www.lokal.ba\" target=\"_blank\" rel=\"noreferrer noopener nofollow\">lokal.ba<\/a>) u Br\u010dko distriktu kod Pirometala i Bimala je izbio veliki po\u017ear\u00a0, nezvani\u010dno, u krugu\u00a0 \u00a0firme Zoka Plastika koja se bavi proizvodnjom plasti\u010dne ambala\u017ee i ostalih plasti\u010dnih potrep\u0161tina.<\/p>\n\n\n\n<p>Razvio se crni dim&nbsp; preko cijelog grada i gori visoko preko cijelog grada i dim se krece i pokriva sami centar grada Br\u010dko.&nbsp;<\/p>\n\n\n\n<p><strong>Izjava Policije Br\u010dko distrika BiH<\/strong><\/p>\n\n\n\n<p>Policija Br\u010dko distrikta je dana 13.07.2021 u 17.21 sati zaprimila prijavu da je u naselju Pirometal u br\u010danskoj firmi za proizvodnju i preradu plastike izbio po\u017ear.&nbsp;<\/p>\n\n\n\n<p>Odmah nakon prijave obavje\u0161ten je de\u017eurni centar za obavje\u0161tavanje i osmatranje koji je rekao da je na lice mjesta odmah uputio vatrogasce.&nbsp;<\/p>\n\n\n\n<p>Policija sumnja da je po\u017ear izbio u kontejneru koji se nalazi u krugu Firme.&nbsp; (<a href=\"https:\/\/www.facebook.com\/265250736961790\/videos\/2882139992006851\" target=\"_blank\" rel=\"noreferrer noopener nofollow\">Video<\/a>)<\/p>\n\n\n\n<p>Policija za sada nema saznanja da ima povrije\u0111enih ili stradalih lica.&nbsp;<\/p>\n\n\n\n<p>Policija Br\u010dko distrikta preduzima intezivne radnje na rasvjetljavanju svih okolnosti pod kojima se desio navedeni doga\u0111aj. Vi\u0161e informacija \u0107e saop\u0161titi nakon \u0161to se po\u017ear stavi pod kontrolu.&nbsp;<\/p>\n\n\n\n<p>Na video materijalu i slikama koji smo snimili mo\u017eete vidjeti obim po\u017eara koji jo\u0161 traje i koji ne\u0107e biti tako lako ugasiti.&nbsp;<\/p>\n","protected":false},"excerpt":{"rendered":"<p>Kako saznajemo od na\u0161eg dopisnika Samela Zili\u0107a (lokal.ba) u Br\u010dko distriktu kod Pirometala i Bimala je izbio veliki po\u017ear\u00a0, nezvani\u010dno, u krugu\u00a0 \u00a0firme Zoka Plastika koja se bavi proizvodnjom plasti\u010dne ambala\u017ee i ostalih plasti\u010dnih potrep\u0161tina. Razvio se crni dim&nbsp; preko cijelog grada i gori visoko preko cijelog grada i dim se krece i pokriva sami [&hellip;]<\/p>\n","protected":false},"author":59,"featured_media":32977,"comment_status":"open","ping_status":"closed","sticky":false,"template":"","format":"gallery","meta":{"inline_featured_image":false,"footnotes":""},"categories":[376,37,38],"tags":[],"class_list":{"0":"post-32976","1":"post","2":"type-post","3":"status-publish","4":"format-gallery","5":"has-post-thumbnail","7":"category-featured","8":"category-vijesti","9":"category-vijesti-iz-bih","10":"post_format-post-format-gallery"},"acf":[],"_links":{"self":[{"href":"https:\/\/tvsensor.com\/api\/wp\/v2\/posts\/32976","targetHints":{"allow":["GET"]}}],"collection":[{"href":"https:\/\/tvsensor.com\/api\/wp\/v2\/posts"}],"about":[{"href":"https:\/\/tvsensor.com\/api\/wp\/v2\/types\/post"}],"author":[{"embeddable":true,"href":"https:\/\/tvsensor.com\/api\/wp\/v2\/users\/59"}],"replies":[{"embeddable":true,"href":"https:\/\/tvsensor.com\/api\/wp\/v2\/comments?post=32976"}],"version-history":[{"count":15,"href":"https:\/\/tvsensor.com\/api\/wp\/v2\/posts\/32976\/revisions"}],"predecessor-version":[{"id":33000,"href":"https:\/\/tvsensor.com\/api\/wp\/v2\/posts\/32976\/revisions\/33000"}],"wp:featuredmedia":[{"embeddable":true,"href":"https:\/\/tvsensor.com\/api\/wp\/v2\/media\/32977"}],"wp:attachment":[{"href":"https:\/\/tvsensor.com\/api\/wp\/v2\/media?parent=32976"}],"wp:term":[{"taxonomy":"category","embeddable":true,"href":"https:\/\/tvsensor.com\/api\/wp\/v2\/categories?post=32976"},{"taxonomy":"post_tag","embeddable":true,"href":"https:\/\/tvsensor.com\/api\/wp\/v2\/tags?post=32976"}],"curies":[{"name":"wp","href":"https:\/\/api.w.org\/{rel}","templated":true}]}}