{"id":32973,"date":"2021-07-13T18:00:28","date_gmt":"2021-07-13T17:00:28","guid":{"rendered":"https:\/\/senzor.ba\/?p=32973"},"modified":"2024-01-15T21:26:24","modified_gmt":"2024-01-15T20:26:24","slug":"nakon-skandala-u-bh-ambasadama-rade-protiv-bih-ne-postuju-ameriku-i-kanadu","status":"publish","type":"post","link":"https:\/\/tvsensor.com\/clanak\/nakon-skandala-u-bh-ambasadama-rade-protiv-bih-ne-postuju-ameriku-i-kanadu\/","title":{"rendered":"Nakon skandala u bh. ambasadama: \u2018Rade protiv bih, ne po\u0161tuju Ameriku i Kanadu\u2019"},"content":{"rendered":"\n<p>Ambasade Bosne i Hercegovine u Sjedinjenim Ameri\u010dkim Dr\u017eavama i Kanadi nisu ispo\u0161tovale instrukciju Ministarstva vanjskih poslova BiH o spu\u0161tanju zastava na pola koplja, kako bi 11. juli dostojanstveno bio obilje\u017een i odata po\u010dast \u017ertvama genocida u Srebrenici.<\/p>\n\n\n\n<p>Informaciju da u Washingtonu nije ispo\u0161tovana ova instrukcija prenio je Erol Avdovi\u0107, novinar i politi\u010dki analiti\u010dar, dok je skandal u Kanadi javnost izvijestio Institut za istra\u017eivanje genocida Kanada.<\/p>\n\n\n\n<p>Sve vi\u0161e novinara, aktivista i predstavnika bh. dijaspore ukazuje na skandalozan na\u010din rada dijela diplomatske mre\u017ee na\u0161e zemlje koja formalno predstavlja BiH, a neskriveno radi protiv interesa na\u0161e zemlje.<\/p>\n\n\n\n<p>Na ovo upozorava i direktor Institita za istra\u017eivanje genocida, Kanada (IGC) Emir Rami\u0107.<\/p>\n\n\n\n<p>Uz izjavi za Radiosarajevo.ba on ka\u017ee da se u diplomatiji Bosne i Hercegovine nalaze osobe koje rade protiv vlastite dr\u017eave, a pritom niko ih ne poziva na odgovornost.<\/p>\n\n\n\n<p>&#8211; To se posebno odnosi na ambasadora Bosne i Hercegovine u Kanadi, Marka Milisava i ambasadora u SAD Bojana Vuji\u0107a. Navedeni ambasadori ne po\u0161tuju presude me\u0111unarodnih sudova o genocidu u Srebrenici, niti rezolucije Kanadskog parlamenta i ameri\u010dkog Kongresa i Senata o genocidu u Srebrenici. Oni ne po\u0161tuju instrukcije ministrice vanjskih poslova Bosne i Hercegovine o spu\u0161tanju bosanskohercegova\u010dke zastave na pola koplja u znak odavanja po\u010dasti \u017ertvama genocida u Srebrenici\u201d, navodi Rami\u0107.<\/p>\n\n\n\n<p>Ukazuje na skandaloznu \u010dinjenicu da zastave Bosne i Hercegovine ponovo nisu spu\u0161tena na pola koplja na zgradama ambasada u Kanadi i SAD na dan kada Kanada i SAD i cijeli civilizirani svijet odaju po\u010dast \u017ertvama genocida u Srebrenici.<\/p>\n\n\n\n<p>&#8211; Na moralni sunovrat ambasadora u Kanadi i SAD zaista treba kona\u010dno odgovoriti. Opasno je \u0161utjeti. Navedeni ambasadiri i jo\u0161 neki zapravo ne predstavlju svoju dr\u017eavu, ve\u0107 antibosansku politiku Milorada Dodika i zastupaju interese manjeg bosanskohercegova\u010dkog entiteta, a ne dr\u017eave Bosne i Hercegovine\u201d, rekao je.<\/p>\n\n\n\n<p>Takva antibosanska diplomatija, smatra on, demontira dr\u017eavu Bosnu i Hercegovinu na veoma va\u017enom i osjetljivom polju diplomatije.<\/p>\n\n\n\n<p>&#8211; To direktno slabi i poni\u017eava ugled dr\u017eave Bosne i Hercegovine u Sjevernoj Americi i slabi njenu politi\u010dku, ekonomsku, kulturnu i nau\u010dnu mo\u0107, slabi zna\u010daj bosanskohercegova\u010dke dr\u017eave i dru\u0161tva. Pozivam \u0160efika D\u017eaferovi\u0107a i \u017deljka Kom\u0161i\u0107a i ministricu vanjskih poslova Biseru Turkovi\u0107 da u skladu sa Strategijom vanjske politike Bosne i Hercegovine na veoma va\u017ene diplomatske pozicije u Washingtonu i Otavi postave istinske predstavnike bh. dr\u017eave. U izuzetno va\u017enom vremenu evroatlanskih integracija, u vremenu poja\u010danih napada na teritorijalni integritet, suverenitet i politi\u010dki subjektivitet Bosne i Hercegovine, od krucijalne va\u017enosti je imati istinske diplomate u politi\u010dki najbitnijim mjestima u svijetu. Ovo nije samo moj stav ve\u0107 i stav kompletne sjevernoameri\u010dke dijaspore\u201d, zaklju\u010dio je Rami\u0107.<\/p>\n","protected":false},"excerpt":{"rendered":"<p>Ambasade Bosne i Hercegovine u Sjedinjenim Ameri\u010dkim Dr\u017eavama i Kanadi nisu ispo\u0161tovale instrukciju Ministarstva vanjskih poslova BiH o spu\u0161tanju zastava na pola koplja, kako bi 11. juli dostojanstveno bio obilje\u017een i odata po\u010dast \u017ertvama genocida u Srebrenici. Informaciju da u Washingtonu nije ispo\u0161tovana ova instrukcija prenio je Erol Avdovi\u0107, novinar i politi\u010dki analiti\u010dar, dok je [&hellip;]<\/p>\n","protected":false},"author":59,"featured_media":32974,"comment_status":"open","ping_status":"closed","sticky":false,"template":"","format":"standard","meta":{"inline_featured_image":false,"footnotes":""},"categories":[376,234],"tags":[],"class_list":{"0":"post-32973","1":"post","2":"type-post","3":"status-publish","4":"format-standard","5":"has-post-thumbnail","7":"category-featured","8":"category-politika"},"acf":[],"_links":{"self":[{"href":"https:\/\/tvsensor.com\/api\/wp\/v2\/posts\/32973","targetHints":{"allow":["GET"]}}],"collection":[{"href":"https:\/\/tvsensor.com\/api\/wp\/v2\/posts"}],"about":[{"href":"https:\/\/tvsensor.com\/api\/wp\/v2\/types\/post"}],"author":[{"embeddable":true,"href":"https:\/\/tvsensor.com\/api\/wp\/v2\/users\/59"}],"replies":[{"embeddable":true,"href":"https:\/\/tvsensor.com\/api\/wp\/v2\/comments?post=32973"}],"version-history":[{"count":1,"href":"https:\/\/tvsensor.com\/api\/wp\/v2\/posts\/32973\/revisions"}],"predecessor-version":[{"id":32975,"href":"https:\/\/tvsensor.com\/api\/wp\/v2\/posts\/32973\/revisions\/32975"}],"wp:featuredmedia":[{"embeddable":true,"href":"https:\/\/tvsensor.com\/api\/wp\/v2\/media\/32974"}],"wp:attachment":[{"href":"https:\/\/tvsensor.com\/api\/wp\/v2\/media?parent=32973"}],"wp:term":[{"taxonomy":"category","embeddable":true,"href":"https:\/\/tvsensor.com\/api\/wp\/v2\/categories?post=32973"},{"taxonomy":"post_tag","embeddable":true,"href":"https:\/\/tvsensor.com\/api\/wp\/v2\/tags?post=32973"}],"curies":[{"name":"wp","href":"https:\/\/api.w.org\/{rel}","templated":true}]}}