{"id":32969,"date":"2021-07-13T17:12:26","date_gmt":"2021-07-13T16:12:26","guid":{"rendered":"https:\/\/senzor.ba\/?p=32969"},"modified":"2024-01-15T21:26:25","modified_gmt":"2024-01-15T20:26:25","slug":"majke-i-zene-srebrenice-i-podrinja-obisle-masovna-stratista-svojih-najmilijih-u-genocidu-nad-bosnjacima","status":"publish","type":"post","link":"https:\/\/tvsensor.com\/clanak\/majke-i-zene-srebrenice-i-podrinja-obisle-masovna-stratista-svojih-najmilijih-u-genocidu-nad-bosnjacima\/","title":{"rendered":"Majke i \u017eene Srebrenice i Podrinja obi\u0161le masovna strati\u0161ta svojih najmilijih u genocidu nad Bo\u0161njacima"},"content":{"rendered":"\n<p>Majke Srebrenice i Podrinja u sklopu obilje\u017eavanja 26. godi\u0161njice genocida nad Bo\u0161njacima obi\u0161le su masovna strati\u0161ta na kojima su na monstruozan na\u010din pogubljeni njihovi najmiliji u julu 1995. godine od strane vojnih, policijskih i paravojnih formacija iz RS-a i Srbije.<\/p>\n\n\n\n<p>Tu\u017ena povorka je krenula ispred \u010car\u0161ijske d\u017eamije u Srebrenici, a potom je u tom gradu Fatiha \u017ertvama genocida prou\u010dena ispred zgrade Osnovnog suda i zgrade stare policijske stanice. Majke i \u017eene Srebrenice i Podrinja potom su obi\u0161la strati\u0161ta u Poto\u010darima i uzvi\u0161enju Budak, a najemotivniji trenutak dana\u0161njeg pohoda bio je u Kravici, odnosno nekada\u0161njoj Zemljoradni\u010dkoj zadruzi, gdje je prema svjedo\u010denjima pre\u017eivjelih u Ha\u0161kom tribunalu ubijeno oko 1.300 mu\u0161karaca i dje\u010daka.<\/p>\n\n\n\n<p>&#8220;Moj mu\u017e rahmetli se zvao Muris Sinanovi\u0107, bio je u 32. godini \u017eivot, najbolje godine. Bio je fin, visok 190 centimetara, bio je gromada od \u010dovjeka i nikad nisam mogla da shvatim da moj mu\u017e ne mo\u017ee pre\u0107i taj put da do\u0111e i da se ponovo sretnemo na slobodnoj teritoriji Tuzle&#8221;, ka\u017ee \u0160uhra Sinanovi\u0107, predsjednica Udru\u017eenja \u017eena &#8220;Podrinja&#8221; iz Bratunca kojoj jo\u0161 uvijek odzvanjaju njegove posljednje rije\u010di: &#8220;\u010cuvaj nam djecu&#8221;.<\/p>\n\n\n\n<p>Porodice ubijenih Srebreni\u010dana nezadovoljne su procesuiranjem odgovornih za genocid. Isti\u010du da je Ha\u0161ki tribunal pravosudnim organima Bosne i Hercegovine ustupio vi\u0161e od 800 predmeta sa oznakom A, ali se jo\u0161 uvijek ni\u0161ta nije preduzelo na rje\u0161avanju tih slu\u010dajeva.<\/p>\n\n\n\n<p>Nakon Kravice Fatiha je prou\u010dena ispred fudbalskog igrali\u0161ta u Novoj Kasabi. Na tom mjestu su zarobljavani mu\u0161karci i dje\u010daci, a potom su vo\u0111eni na strijeljanja \u0161irom Podrinja.<\/p>\n\n\n\n<p>&#8220;Moj brat Kemal ubijen je ovdje u Novoj Kasabi, imao je samo 30 godina. Moj brat Ismet je imao 25 godina, a on je ubijen u Kravici. On je nosio ranjenika sa jo\u0161 dvojicom&#8221;, ka\u017ee Vasvija Kadi\u0107 kojoj je u julu 1995. godine ubijen i otac te jo\u0161 mnogo \u010dlanova \u0161ire porodice.<\/p>\n\n\n\n<p>Zulfo Salihovi\u0107 je svojim o\u010dima gledao kako se njegovi bli\u017enji, prijatelji, poznanici&#8230; odvode u smrt.<\/p>\n\n\n\n<p>&#8220;Bio sam u neposrednoj blizini i imao sam priliku da gledam zarobljavanja u Novoj Kasabi. Dovodili su ljude na ovo igrali\u0161te, a ima i jo\u0161 jedno igrali\u0161te Je\u0161ina. Tu sam mogao da svjedo\u010dim da kada zarobe Bo\u0161njake, odnosno kada se predaju, tu su postrojavani i skidani su im ruksaci i oni su uglavnom odvo\u017eeni vojnim, ali i civilnim vozilima prema Kravici&#8221;, ka\u017ee Zulfo Salihovi\u0107, pre\u017eivjeli iz kolone smrti 1995. godine.<\/p>\n\n\n\n<p>Uslijedio je obilazak strati\u0161ta u Orahovcu, Petkovcima, Kozluku, Branjevu i Pilici. Svako mjesto stra\u0161nije jedno od drugog.<\/p>\n\n\n\n<p>&#8220;Te\u0161ko je do\u0107i na ova mjesta nama svima, na ova strati\u0161a, jer znamo koliko je ovdje ljudi zarobljeno, koliko je ljudi pobijeno. Bude se emocije, sje\u0107anja&#8230; Te\u0161ko je\u201d, kazala je Fadila Efendi\u0107, predsjednica Udru\u017eenja &#8220;Majke Srebrenice&#8221;.<\/p>\n\n\n\n<p>Sa svojom boli i tugom majke i \u017eene Srebrenice i Podrinja su nakon obilaska strati\u0161ta u Podrinju oti\u0161le svojim ku\u0107ama.<\/p>\n","protected":false},"excerpt":{"rendered":"<p>Majke Srebrenice i Podrinja u sklopu obilje\u017eavanja 26. godi\u0161njice genocida nad Bo\u0161njacima obi\u0161le su masovna strati\u0161ta na kojima su na monstruozan na\u010din pogubljeni njihovi najmiliji u julu 1995. godine od strane vojnih, policijskih i paravojnih formacija iz RS-a i Srbije. Tu\u017ena povorka je krenula ispred \u010car\u0161ijske d\u017eamije u Srebrenici, a potom je u tom gradu [&hellip;]<\/p>\n","protected":false},"author":59,"featured_media":32971,"comment_status":"open","ping_status":"closed","sticky":false,"template":"","format":"standard","meta":{"inline_featured_image":false,"footnotes":""},"categories":[38],"tags":[],"class_list":{"0":"post-32969","1":"post","2":"type-post","3":"status-publish","4":"format-standard","5":"has-post-thumbnail","7":"category-vijesti-iz-bih"},"acf":[],"_links":{"self":[{"href":"https:\/\/tvsensor.com\/api\/wp\/v2\/posts\/32969","targetHints":{"allow":["GET"]}}],"collection":[{"href":"https:\/\/tvsensor.com\/api\/wp\/v2\/posts"}],"about":[{"href":"https:\/\/tvsensor.com\/api\/wp\/v2\/types\/post"}],"author":[{"embeddable":true,"href":"https:\/\/tvsensor.com\/api\/wp\/v2\/users\/59"}],"replies":[{"embeddable":true,"href":"https:\/\/tvsensor.com\/api\/wp\/v2\/comments?post=32969"}],"version-history":[{"count":1,"href":"https:\/\/tvsensor.com\/api\/wp\/v2\/posts\/32969\/revisions"}],"predecessor-version":[{"id":32972,"href":"https:\/\/tvsensor.com\/api\/wp\/v2\/posts\/32969\/revisions\/32972"}],"wp:featuredmedia":[{"embeddable":true,"href":"https:\/\/tvsensor.com\/api\/wp\/v2\/media\/32971"}],"wp:attachment":[{"href":"https:\/\/tvsensor.com\/api\/wp\/v2\/media?parent=32969"}],"wp:term":[{"taxonomy":"category","embeddable":true,"href":"https:\/\/tvsensor.com\/api\/wp\/v2\/categories?post=32969"},{"taxonomy":"post_tag","embeddable":true,"href":"https:\/\/tvsensor.com\/api\/wp\/v2\/tags?post=32969"}],"curies":[{"name":"wp","href":"https:\/\/api.w.org\/{rel}","templated":true}]}}