{"id":32962,"date":"2021-07-13T14:03:31","date_gmt":"2021-07-13T13:03:31","guid":{"rendered":"https:\/\/senzor.ba\/?p=32962"},"modified":"2024-01-15T21:26:26","modified_gmt":"2024-01-15T20:26:26","slug":"muharem-bazdulj-izabran-za-clana-upravnog-odbora-rts","status":"publish","type":"post","link":"https:\/\/tvsensor.com\/clanak\/muharem-bazdulj-izabran-za-clana-upravnog-odbora-rts\/","title":{"rendered":"Muharem Bazdulj izabran za \u010dlana Upravnog odbora RTS"},"content":{"rendered":"\n<p>Regulatorno tijelo za elektronske medije (REM) danas je izabralo \u010dlanove Upravnog odbora RTS-a. Kako je za Nova.rs izjavila Vi\u0161nja Aran\u0111elovi\u0107, jedna od \u010dlanica Savjeta REM, novi \u010dlanovi UO su Muharem Bazdulj, Branislav Klan\u0161\u010dek i Milivoje Pavlovi\u0107.<\/p>\n\n\n\n<p>\u201cSavjet REM-a je na dana\u0161njoj sjednici izabrao \u0161est \u010dlanova Upravnog odbora RTS-a. Reizabrani su Branko Radun, Ljiljana Djur\u0111evac i Miroslav Nikoli\u0107. Novi \u010dlanovi su Muharem Bazdulj, Branislav Klan\u0161\u010dek i Milivoje Pavlovi\u0107\u201d,\u00a0rekla je Ara\u0111enovi\u0107 u razgovoru za Nova.rs.<\/p>\n\n\n\n<p>Bazdulja su za \u010dlana predlo\u017eili<a href=\"https:\/\/ba.n1info.com\/regija\/a478136-uns-predlozio-muharema-bazdulja-i-valentina-mika-za-clanove-uo-rts-i-rtv\/\">&nbsp;Udru\u017eenje novinara Srbije je za \u010dlanove Upravnog odbora Radio-televizije Srbije (RTS) i Radio-televizije Vojvodine (RTV)<\/a>.<\/p>\n\n\n\n<p>Zanimljivo je da je Kulturno prosvjetna zajednica Srbije predlo\u017eila pjeva\u010dicu Merimu Njegomir za \u010dlanicu UO RTS, ali ona nije izabrana.<\/p>\n\n\n\n<p>N1<\/p>\n","protected":false},"excerpt":{"rendered":"<p>Regulatorno tijelo za elektronske medije (REM) danas je izabralo \u010dlanove Upravnog odbora RTS-a. Kako je za Nova.rs izjavila Vi\u0161nja Aran\u0111elovi\u0107, jedna od \u010dlanica Savjeta REM, novi \u010dlanovi UO su Muharem Bazdulj, Branislav Klan\u0161\u010dek i Milivoje Pavlovi\u0107. \u201cSavjet REM-a je na dana\u0161njoj sjednici izabrao \u0161est \u010dlanova Upravnog odbora RTS-a. Reizabrani su Branko Radun, Ljiljana Djur\u0111evac i [&hellip;]<\/p>\n","protected":false},"author":7,"featured_media":32963,"comment_status":"open","ping_status":"closed","sticky":false,"template":"","format":"standard","meta":{"inline_featured_image":false,"footnotes":""},"categories":[376,40],"tags":[],"class_list":{"0":"post-32962","1":"post","2":"type-post","3":"status-publish","4":"format-standard","5":"has-post-thumbnail","7":"category-featured","8":"category-region"},"acf":[],"_links":{"self":[{"href":"https:\/\/tvsensor.com\/api\/wp\/v2\/posts\/32962","targetHints":{"allow":["GET"]}}],"collection":[{"href":"https:\/\/tvsensor.com\/api\/wp\/v2\/posts"}],"about":[{"href":"https:\/\/tvsensor.com\/api\/wp\/v2\/types\/post"}],"author":[{"embeddable":true,"href":"https:\/\/tvsensor.com\/api\/wp\/v2\/users\/7"}],"replies":[{"embeddable":true,"href":"https:\/\/tvsensor.com\/api\/wp\/v2\/comments?post=32962"}],"version-history":[{"count":1,"href":"https:\/\/tvsensor.com\/api\/wp\/v2\/posts\/32962\/revisions"}],"predecessor-version":[{"id":32964,"href":"https:\/\/tvsensor.com\/api\/wp\/v2\/posts\/32962\/revisions\/32964"}],"wp:featuredmedia":[{"embeddable":true,"href":"https:\/\/tvsensor.com\/api\/wp\/v2\/media\/32963"}],"wp:attachment":[{"href":"https:\/\/tvsensor.com\/api\/wp\/v2\/media?parent=32962"}],"wp:term":[{"taxonomy":"category","embeddable":true,"href":"https:\/\/tvsensor.com\/api\/wp\/v2\/categories?post=32962"},{"taxonomy":"post_tag","embeddable":true,"href":"https:\/\/tvsensor.com\/api\/wp\/v2\/tags?post=32962"}],"curies":[{"name":"wp","href":"https:\/\/api.w.org\/{rel}","templated":true}]}}