{"id":32958,"date":"2021-07-13T12:25:40","date_gmt":"2021-07-13T11:25:40","guid":{"rendered":"https:\/\/senzor.ba\/?p=32958"},"modified":"2024-01-15T21:26:26","modified_gmt":"2024-01-15T20:26:26","slug":"provocirali-bicikliste-marsa-mira-izvizdali-kolonu-djeca-pokazivala-tri-prsta","status":"publish","type":"post","link":"https:\/\/tvsensor.com\/clanak\/provocirali-bicikliste-marsa-mira-izvizdali-kolonu-djeca-pokazivala-tri-prsta\/","title":{"rendered":"Provocirali bicikliste Mar\u0161a mira: Izvi\u017edali kolonu, djeca pokazivala tri prsta"},"content":{"rendered":"\n<p>Na\u017ealost ni ovaj 11. juli nije mogao pro\u0107i bez<strong>&nbsp;incidenata, provokacija i nacionalisti\u010dkih ispada.<\/strong><\/p>\n\n\n\n<p>Prema snimku koji se pojavio na dru\u0161tvenim mre\u017eama dan uo\u010di kolektivne d\u017eenaze i 26. godi\u0161njice genocida u Srebrenici, vide se<strong>&nbsp;biciklisti koji su u\u010destvovali u memorijalnom maratonu.<\/strong><\/p>\n\n\n\n<p>Oni su u Bratuncu do\u017eivjeli neugodno iskustvo &#8211; okupljeni gra\u0111ani su izvi\u017edali kolonu, a<strong>&nbsp;djeca pokazivala tri prsta.<\/strong><\/p>\n\n\n\n<p>Ispred porodi\u010dne ku\u0107e se vide i dva mu\u0161karaca sa kokardama na glavi, pored oka\u010dene zastave republike Srbije.<\/p>\n","protected":false},"excerpt":{"rendered":"<p>Na\u017ealost ni ovaj 11. juli nije mogao pro\u0107i bez&nbsp;incidenata, provokacija i nacionalisti\u010dkih ispada. Prema snimku koji se pojavio na dru\u0161tvenim mre\u017eama dan uo\u010di kolektivne d\u017eenaze i 26. godi\u0161njice genocida u Srebrenici, vide se&nbsp;biciklisti koji su u\u010destvovali u memorijalnom maratonu. Oni su u Bratuncu do\u017eivjeli neugodno iskustvo &#8211; okupljeni gra\u0111ani su izvi\u017edali kolonu, a&nbsp;djeca pokazivala tri [&hellip;]<\/p>\n","protected":false},"author":59,"featured_media":32960,"comment_status":"open","ping_status":"closed","sticky":false,"template":"","format":"video","meta":{"inline_featured_image":false,"footnotes":""},"categories":[72,1192],"tags":[],"class_list":{"0":"post-32958","1":"post","2":"type-post","3":"status-publish","4":"format-video","5":"has-post-thumbnail","7":"category-video-galerija","8":"category-vijesti-video-galerija","9":"post_format-post-format-video"},"acf":[],"_links":{"self":[{"href":"https:\/\/tvsensor.com\/api\/wp\/v2\/posts\/32958","targetHints":{"allow":["GET"]}}],"collection":[{"href":"https:\/\/tvsensor.com\/api\/wp\/v2\/posts"}],"about":[{"href":"https:\/\/tvsensor.com\/api\/wp\/v2\/types\/post"}],"author":[{"embeddable":true,"href":"https:\/\/tvsensor.com\/api\/wp\/v2\/users\/59"}],"replies":[{"embeddable":true,"href":"https:\/\/tvsensor.com\/api\/wp\/v2\/comments?post=32958"}],"version-history":[{"count":1,"href":"https:\/\/tvsensor.com\/api\/wp\/v2\/posts\/32958\/revisions"}],"predecessor-version":[{"id":32959,"href":"https:\/\/tvsensor.com\/api\/wp\/v2\/posts\/32958\/revisions\/32959"}],"wp:featuredmedia":[{"embeddable":true,"href":"https:\/\/tvsensor.com\/api\/wp\/v2\/media\/32960"}],"wp:attachment":[{"href":"https:\/\/tvsensor.com\/api\/wp\/v2\/media?parent=32958"}],"wp:term":[{"taxonomy":"category","embeddable":true,"href":"https:\/\/tvsensor.com\/api\/wp\/v2\/categories?post=32958"},{"taxonomy":"post_tag","embeddable":true,"href":"https:\/\/tvsensor.com\/api\/wp\/v2\/tags?post=32958"}],"curies":[{"name":"wp","href":"https:\/\/api.w.org\/{rel}","templated":true}]}}