{"id":32942,"date":"2021-07-13T09:54:34","date_gmt":"2021-07-13T08:54:34","guid":{"rendered":"https:\/\/senzor.ba\/?p=32942"},"modified":"2024-01-15T21:26:29","modified_gmt":"2024-01-15T20:26:29","slug":"srbijanski-novinar-rodno-mjesto-genocida-u-srebrenici-je-beograd","status":"publish","type":"post","link":"https:\/\/tvsensor.com\/clanak\/srbijanski-novinar-rodno-mjesto-genocida-u-srebrenici-je-beograd\/","title":{"rendered":"Srbijanski novinar: Rodno mjesto genocida u Srebrenici je Beograd"},"content":{"rendered":"\n<p>U Srebrenici je u nedelju obilje\u017eena 26. godi\u0161njica genocida u ovom bh. gradi\u0107u. Kao i proteklih godina, u Srbiji i Beogradu \u0161utnja i negiranje.<\/p>\n\n\n\n<p>Osim nekoliko nevladinih organizacija, manjine koja se suosje\u0107a sa svim \u017ertvama genocida u Srebrenici, srbijanska javnost nije puno pa\u017enje davala ju\u010dera\u0161njem obilje\u017eavanju.<\/p>\n\n\n\n<p>Poneki politi\u010dar je, usputno, minimalizirao sve grozote Srebrenice, ali sasvim nijedan priznao ono \u0161to je jasno cijelom svijetu.<\/p>\n\n\n\n<p>Pavle Radi\u0107, srbijanski novinar, danas je objavio svoj tekst u kojem se osvr\u0107e na de\u0161avanja u Srebrenici, onima zbog kojih se Srebrenica dogodila, kao i o kolektivnoj amneziji srbijanskog naroda.<\/p>\n\n\n\n<p>Njegov tekst prenosimo u cijelosti:<\/p>\n\n\n\n<p>\u2013 Ho\u0107emo li se kao narod, kao dru\u0161tvo, osloboditi stra\u0161ne moralne hipoteke zlo\u010dina i genocida iz \u201990-ih, koju su nam kao vodeni\u010dni kamen oko vrata oka\u010dili prije svega nacionalisti\u010dki saloni koje su onomad zaposjeli bolesni umovi?<\/p>\n\n\n\n<p>Dok civilizovani svijet obilje\u017eava godi\u0161njice genocida u Srebrenici \u201995, u Srbiji \u2013 izuzev \u010dasnih pojedinaca i manjih gra\u0111anskih grupa koje znaju za stid, kojima je stalo do istine i dostojanstva \u2013 i dalje ignorancija i muk.<\/p>\n\n\n\n<p>Kad se oko zla pone\u0161to kriti\u010dki i progovori, na govornika slijedi hajka, sinhronizovano poricanje i jo\u0161 dublje kolektivno guranje glave u pijesak, pa \u0161ta ko\u0161ta nek ko\u0161ta.<\/p>\n\n\n\n<p>Gdje se sa nera\u0161\u010di\u0161\u0107enom sramotom iz \u201990-ih mo\u017ee sti\u0107i? Me\u0111u civilizovani svijet sigurno ne mo\u017ee. Za\u0161to u nera\u0161\u010di\u0161\u0107enom zlu stasavaju nedu\u017ene nove generacije, pa ni krive, ni du\u017ene i one vuku prete\u0161ki vodeni\u010dni kamen oko vrata koji im besramno ostavljamo? Nije li to zlo\u010din prema njima, prema vlastitom narodu?<\/p>\n\n\n\n<p>Juli, upekla zvijezda. Gori nebo i zemlja ove 2021., kao \u0161to su u ove dane \u201995. gorili u isto\u010dnoj Bosni, u bosanskom Podrinju, u Srebrenici i oko nje. Kao \u0161to je gorilo u cijeloj Bosni i Hercegovini.<\/p>\n\n\n\n<p>U bosanskom Podrinju i Srebrenici posebno ne samo od julskog sunca \u2013 od njega se nekako mo\u017ee na\u0107i spas \u2013 nego je gorilo od mnogo goreg ognja, od ljudskog zla.<\/p>\n\n\n\n<p>U samo nekoliko julskih dana masovno su ubijene hiljade ljudi zbog imena i vjere. Buldo\u017eerima i bagerima su zakopavani u masovne grobnice, da bi ih se poslije mjesecima otkopavalo i ponovo zakopavalo u skrivene sekundarne i tercijarne grobnice, ne bi li se sakrili tragovi zla a zlo\u010dinci glumili milosrdne an\u0111ele koji \u2013 je\u2019l da \u2013 \u201csamo brane svoje\u201d.<\/p>\n\n\n\n<p>Gorili su i stradali Podrinje, Srebrenica i cijela BiH ne zbog iznebuha poludjelih bosanskih Srba ubica, nego prvenstveno zbog suludih ciljeva kartografa iz nacionalisti\u010dkih salona Beograda, zbog njihovih planova \u201cda izme\u0111u Srba Drina nikad ne\u0107e biti granica\u201d, a sa onima koji se manitim kartografima suprotstave, sa inovjercima prije svih, zna se \u2013 teror, etni\u010dko \u010di\u0161\u0107enje, logori i, vidio je cijeli svet u Srebrenici, genocid.<\/p>\n\n\n\n<p>Rodno mjesto srebreni\u010dkog genocida, kao i drugih brojnih zlo\u010dina, nisu u\u017easno instrumentalizovani bosanski Srbi \u2013 iako su se vo\u0111eni lu\u0111acima ulaskom u rat i zlo stra\u0161no unesre\u0107ili i osramotili \u2013 nego beogradski nacionalisti\u010dki saloni koje su zapjoseli sumaniti ljudi kojima je do \u017eivota, do ljudi, izme\u0111u drugih naroda i do bosanskih Srba i Srba uop\u0161te, stalo koliko i do lanjskog snijega.<\/p>\n\n\n\n<p>Va\u017ena su bolesna velikodr\u017eavna snatranja, a za \u017ertve, za sudbine miliona ljudi \u2013 ko te pita. Organizatore i izvr\u0161ioce bolesnih neostvarivih planova \u201cna terenu\u201d izabrala je komedijant sudbina. Kad je narod zatrovan nacionalizmom lako je na\u0107i kandidate za \u201cnacionalne heroje\u201d, za zlo\u010dince. Tad ludilo omamljuje, pogotovo kad se raspola\u017ee silesijom oru\u017eja, pa se u omami \u010dini da se za sve \u0161to se \u010dini nikome ra\u010duni ne moraju polagati.<\/p>\n\n\n\n<p>Jedno je sigurno \u2013 ni Srbi bosanskog Podrinja, ni Bo\u0161njaci, ni obi\u010dan narod cijele BiH \u2013 nisu bili kreatori velikodr\u017eavnih kartografskih budala\u0161tina zbog kojih je suludo proliveno toliko krvi i poteklo toliko suza. Niko od njih nije prizivao rat, ni tvrdio da ne mogu \u017eivjeti zajedno, u \u0161ta je bosanske Srbe \u2013 to da ne mogu \u017eivjeti zajedno, nego da se odijele \u2013 u pripremi rata iz dedinjskog salona bez imalo stida za posljedice ove opake budala\u0161tine ubje\u0111ivao izvikani otac nacije Dobrica \u0106osi\u0107.<\/p>\n\n\n\n<p>I ne samo on. Ni Patrijar\u0161ija \u2013 kao i mnoge druge srpske \u201cumne glave\u201d \u2013 oko ove opa\u010dine koja je porodila zlo i tolike nesre\u0107e, nisu nevini. Mnogi su toj opa\u010dini dodavali otrovne za\u010dine, mnogi na du\u0161i nose silne \u017ertve, pa zato manipulacijama narod uporno dr\u017ee u narkozi la\u017ei i poricanja zla, e da bi ostali nevini i \u010disti.<\/p>\n\n\n\n<p>Vidimo da se mo\u017ee raditi i tako, ali \u017eivjeti u permanentnim la\u017eima, sa nera\u0161\u010di\u0161\u0107enim zlom, sa kreatorima zla u vrhovima dr\u017eave i dru\u0161tva kao sa dru\u0161tvenim kremom, neminovno vodi u moralno rasulo i propadanje, a narod u agoniju i postepeno nestajanje. Ne svjedo\u010dimo li tome u Srbiji? Ne pravimo li time od sebe pariju me\u0111u civilizovanim svijetom?<\/p>\n\n\n\n<p>\u0160ta nakon svega raditi i \u010diniti i kako se spasiti iz o\u010dajne situacije? Nema drugog lijeka, osim suo\u010davanje sa istinom, sa zabludama, sa glupostima i zlo\u010dinima u \u010dijoj sjenci decenijama \u017eivimo.<\/p>\n\n\n\n<p>Toliko je me\u0111u srpskim nedu\u017enim mladim generacijama darovitih i talentovanih ljudi \u017eeljnih pune moralne, profesionalne i nacionalne emancipacije \u2013 kao uostalom i me\u0111u svim narodima, ali \u0107e \u2013 dok kao dru\u0161tvo po\u0161teno ne ra\u0161\u010distimo sa zlom \u201990-ih, gdje god da budu \u2013 biti gledani sa podozrenjem zbog nera\u0161\u010di\u0161\u0107enih moralnih hipoteka o\u010deva i djedova. Jesu li to zaslu\u017eili, e da bismo mi sa\u010duvali nitkove me\u0111u nama koji su proizveli zlo koje nam je stra\u0161no ojadilo \u017eivote, a susjednim narodima priredilo toliko nesre\u0107a?<\/p>\n\n\n\n<p>Srebreni\u010dki genocid je neprebolna rana Bo\u0161njaka, ali je isklju\u010divo ogroman srpski moralni problem. Ne\u0107e ga niko drugi rije\u0161iti \u2013 niti mo\u017ee \u2013 nego Srbi. Ne mo\u017ee ga se vje\u010dno trpati pod tepih. Koliko smo danas uop\u0161te spremni za po\u0161teno suo\u010davanje sa tim problemom? Gledaju\u0107i ko je iz Srbije, od njezinih zvani\u010dnika, prisustvovao ovogodi\u0161njoj komemoraciji u Poto\u010darima, mrka kapa.<\/p>\n\n\n\n<p>Besramna je izjava predsjednice Vlade Srbije da srpskim zvani\u010dnicima na komemoracijama u Poto\u010darima nije mjesto dok se \u201cne privedu pravdi oni koji su 2015. htjeli da ubiju Aleksandra Vu\u010di\u0107a\u201d. Na pamet joj ne pada da ka\u017ee, kad \u0107e pravdi biti privedeni brojni zlo\u010dinci ne samo iz Bosne i Hercegovine koji su u Srbiju pobjegli od pravde, a ovdje im dlaka ne fali sa glave. Naprotiv, mnogi od njih su ovdje ugledni i po\u0161tovani. Ima li ve\u0107eg be\u0161\u010da\u0161\u0107a sa vrha dr\u017eave, od izjave predsjednice Vlade?, pi\u0161e portal&nbsp;<a href=\"https:\/\/www.autonomija.info\/pavle-radic-rodno-mesto-genocida-su-beogradski-nacionalisticki-saloni.html\" target=\"_blank\" rel=\"noreferrer noopener\">Autonomija<\/a>.<\/p>\n","protected":false},"excerpt":{"rendered":"<p>U Srebrenici je u nedelju obilje\u017eena 26. godi\u0161njica genocida u ovom bh. gradi\u0107u. Kao i proteklih godina, u Srbiji i Beogradu \u0161utnja i negiranje. Osim nekoliko nevladinih organizacija, manjine koja se suosje\u0107a sa svim \u017ertvama genocida u Srebrenici, srbijanska javnost nije puno pa\u017enje davala ju\u010dera\u0161njem obilje\u017eavanju. Poneki politi\u010dar je, usputno, minimalizirao sve grozote Srebrenice, ali [&hellip;]<\/p>\n","protected":false},"author":59,"featured_media":32943,"comment_status":"open","ping_status":"closed","sticky":false,"template":"","format":"standard","meta":{"inline_featured_image":false,"footnotes":""},"categories":[376,234],"tags":[],"class_list":{"0":"post-32942","1":"post","2":"type-post","3":"status-publish","4":"format-standard","5":"has-post-thumbnail","7":"category-featured","8":"category-politika"},"acf":[],"_links":{"self":[{"href":"https:\/\/tvsensor.com\/api\/wp\/v2\/posts\/32942","targetHints":{"allow":["GET"]}}],"collection":[{"href":"https:\/\/tvsensor.com\/api\/wp\/v2\/posts"}],"about":[{"href":"https:\/\/tvsensor.com\/api\/wp\/v2\/types\/post"}],"author":[{"embeddable":true,"href":"https:\/\/tvsensor.com\/api\/wp\/v2\/users\/59"}],"replies":[{"embeddable":true,"href":"https:\/\/tvsensor.com\/api\/wp\/v2\/comments?post=32942"}],"version-history":[{"count":2,"href":"https:\/\/tvsensor.com\/api\/wp\/v2\/posts\/32942\/revisions"}],"predecessor-version":[{"id":32945,"href":"https:\/\/tvsensor.com\/api\/wp\/v2\/posts\/32942\/revisions\/32945"}],"wp:featuredmedia":[{"embeddable":true,"href":"https:\/\/tvsensor.com\/api\/wp\/v2\/media\/32943"}],"wp:attachment":[{"href":"https:\/\/tvsensor.com\/api\/wp\/v2\/media?parent=32942"}],"wp:term":[{"taxonomy":"category","embeddable":true,"href":"https:\/\/tvsensor.com\/api\/wp\/v2\/categories?post=32942"},{"taxonomy":"post_tag","embeddable":true,"href":"https:\/\/tvsensor.com\/api\/wp\/v2\/tags?post=32942"}],"curies":[{"name":"wp","href":"https:\/\/api.w.org\/{rel}","templated":true}]}}