{"id":32603,"date":"2021-07-11T08:57:07","date_gmt":"2021-07-11T07:57:07","guid":{"rendered":"https:\/\/senzor.ba\/?p=32603"},"modified":"2024-01-15T21:27:23","modified_gmt":"2024-01-15T20:27:23","slug":"azir-osmanovic-ukopavam-samo-lobanju-svog-brata-imao-je-16-godina","status":"publish","type":"post","link":"https:\/\/tvsensor.com\/clanak\/azir-osmanovic-ukopavam-samo-lobanju-svog-brata-imao-je-16-godina\/","title":{"rendered":"Azir Osmanovi\u0107: Ukopavam samo lobanju svog brata, imao je 16 godina"},"content":{"rendered":"\n<p><strong>Azir Osmanovi\u0107, kustos Memorijalnog centra Srebrenica, pre\u017eivio je genocid u Srebrenici. Danas ukopava svog brata Azmira koji je u trenutku likvidacije imao 16 godina.<\/strong><\/p>\n\n\n\n<p><strong>\u201cDo\u0161ao sam ovdje da tim pomra\u010denim umovima ka\u017eem da su djeca bila ubijana u genocidu u Srebnici. nije im bilo dozovljeno da \u017eive. Ni mom braut koji je imao smao 16 godina. Najte\u017ee ovih dana mi je \u0161to moj otac nije uspio do\u010dekati da se brat ukopa. Jer je brat 11.7. 1995. godine s babom oti\u0161ao preko \u0161ume. Babo je lutao dva mjeseca \u0161umom i uspio je sti\u0107i do slobodne teritorije. Govorio je sve vrijeme: \u2018Izgubih ja dijete\u2019. Osje\u0107ao je krivnju, ali nije bilo do njega\u201d<\/strong>, rekao je Osmanovi\u0107.<\/p>\n\n\n\n<p>Kazao je kako je njegov brat pre\u017eivio zlo\u010din nad djecom njegove porodice ranije kada su tra\u017eili hranu 4. aprila 1993. godine kada su ih granatirali. Njegovi teti\u010di su ubijeni, on je pre\u017eivio. Rastalisu 11. jula 1995. godine kod benzinske pumpe. Krenuli su ka \u0161umi, a on s majkom prema Poto\u010darima.<\/p>\n\n\n\n<p><strong>\u201c\u017divjeli smo ispred sprskih polo\u017eaja. Probudile su nas granate. Tada smo krenuli bje\u017eati. Moja porodica je spavala na ulici, ispred zgrade. Ja sam bio u stanu kod porodice. Ujutro smo se sastali da se rastanemo. Imao sam 13 godina. Bio sam na granici \u017eivota i smrti\u201d,<\/strong>&nbsp;prisjetio se.<\/p>\n\n\n\n<p>Odvojili su djeda od njega. Na\u0161ao je kosti i ukopao. Odvojili su mu i ro\u0111aka koji je bio godinu i po stariji. Azmirove ostatke je identifikovao u augustu 2018. godine.<\/p>\n\n\n\n<p><strong>\u201cDanas kopam samo lobanju svog brata. Otac je umro tri mejseca nakon \u0161to je prona\u0111ena lobanja. Moj otac kad god bi me vidio, pitali su da li su identifikovali lobanju. Stalno sam govorio, nemoj se optere\u0107ivati. Nisam zadovoljan tim procesom jer je dugo trajao\u201d,<\/strong>&nbsp;rekao je Osmanovi\u0107.<\/p>\n\n\n\n<p>N1<\/p>\n","protected":false},"excerpt":{"rendered":"<p>Azir Osmanovi\u0107, kustos Memorijalnog centra Srebrenica, pre\u017eivio je genocid u Srebrenici. Danas ukopava svog brata Azmira koji je u trenutku likvidacije imao 16 godina. \u201cDo\u0161ao sam ovdje da tim pomra\u010denim umovima ka\u017eem da su djeca bila ubijana u genocidu u Srebnici. nije im bilo dozovljeno da \u017eive. Ni mom braut koji je imao smao 16 [&hellip;]<\/p>\n","protected":false},"author":7,"featured_media":32604,"comment_status":"open","ping_status":"closed","sticky":false,"template":"","format":"standard","meta":{"inline_featured_image":false,"footnotes":""},"categories":[376,38],"tags":[],"class_list":{"0":"post-32603","1":"post","2":"type-post","3":"status-publish","4":"format-standard","5":"has-post-thumbnail","7":"category-featured","8":"category-vijesti-iz-bih"},"acf":[],"_links":{"self":[{"href":"https:\/\/tvsensor.com\/api\/wp\/v2\/posts\/32603","targetHints":{"allow":["GET"]}}],"collection":[{"href":"https:\/\/tvsensor.com\/api\/wp\/v2\/posts"}],"about":[{"href":"https:\/\/tvsensor.com\/api\/wp\/v2\/types\/post"}],"author":[{"embeddable":true,"href":"https:\/\/tvsensor.com\/api\/wp\/v2\/users\/7"}],"replies":[{"embeddable":true,"href":"https:\/\/tvsensor.com\/api\/wp\/v2\/comments?post=32603"}],"version-history":[{"count":2,"href":"https:\/\/tvsensor.com\/api\/wp\/v2\/posts\/32603\/revisions"}],"predecessor-version":[{"id":32607,"href":"https:\/\/tvsensor.com\/api\/wp\/v2\/posts\/32603\/revisions\/32607"}],"wp:featuredmedia":[{"embeddable":true,"href":"https:\/\/tvsensor.com\/api\/wp\/v2\/media\/32604"}],"wp:attachment":[{"href":"https:\/\/tvsensor.com\/api\/wp\/v2\/media?parent=32603"}],"wp:term":[{"taxonomy":"category","embeddable":true,"href":"https:\/\/tvsensor.com\/api\/wp\/v2\/categories?post=32603"},{"taxonomy":"post_tag","embeddable":true,"href":"https:\/\/tvsensor.com\/api\/wp\/v2\/tags?post=32603"}],"curies":[{"name":"wp","href":"https:\/\/api.w.org\/{rel}","templated":true}]}}