{"id":32594,"date":"2021-07-11T08:43:20","date_gmt":"2021-07-11T07:43:20","guid":{"rendered":"https:\/\/senzor.ba\/?p=32594"},"modified":"2024-01-15T21:27:25","modified_gmt":"2024-01-15T20:27:25","slug":"vladika-boris-bojovic-veci-je-zlocin-negirati-genocid-nego-ga-izvrsiti","status":"publish","type":"post","link":"https:\/\/tvsensor.com\/clanak\/vladika-boris-bojovic-veci-je-zlocin-negirati-genocid-nego-ga-izvrsiti\/","title":{"rendered":"Vladika Boris Bojovi\u0107: Ve\u0107i je zlo\u010din negirati genocid nego ga izvr\u0161iti"},"content":{"rendered":"\n<p><strong>Boris Bojovi\u0107, nik\u0161i\u0107ki vladika, stigao je s delegacijom Crne Gore u Poto\u010dare. Kazao je kako je jako te\u0161ko prihvatiti da se ovakav zlo\u010din desio blizu svih, a da je neko to dozvolio.<\/strong><\/p>\n\n\n\n<p><strong>\u201cVe\u0107i je zlo\u010din negirati genocid nego ga izvr\u0161iti. Na\u017ealost, \u017eivimo u regionu gdje jo\u0161 uvijek veliki broj ljudi negira zlo\u010din i ne mogu da se pomire s time da je genocid izvr\u0161en. Moramo prvo to da prihvatimo pa da idemo dalje jer svi narodi ne mogu bi genocidni. Genocidni su pojedinci. Jer, na\u017ealost, svuda ima lo\u0161ih ljudi koji prave genocide i zlo\u010dine. Na\u0161im dolaskom \u017eelimo odati po\u010dast sivm nevino stradalim u ovom i bilo kohjem genocidu na planeti zemlji\u201d,<\/strong>&nbsp;rekao je vladika.<\/p>\n\n\n\n<h3 class=\"wp-block-heading\" id=\"h-bojovi-rane-majki-bole-i-nakon-26-godina\">Bojovi\u0107: Rane majki bole i nakon 26 godina<\/h3>\n\n\n\n<p>Podsjetio je da je Skup\u0161tina Crne Gore donijela Rezoluciju o genocidu, ali da je ona, prema njegovom mi\u0161ljenju, stigla malo kasno. Ipak, isti\u010de, da je to pravi potez jer su u njemu u\u010destvovali i pozicija i opozicija.<\/p>\n\n\n\n<p><strong>\u201cRane ovih majki i svih sunarodnika bole i danas nakon 26 godina. Ne mo\u017eemo nikada zamisliti da \u010dovjek treba umrijeti samo zato \u0161to se druga\u010dije zove, na drugi na\u010din ,moli Bogu i ima druga\u010diji stav\u201d,<\/strong>&nbsp;kazao je.<\/p>\n\n\n\n<p>N1<\/p>\n","protected":false},"excerpt":{"rendered":"<p>Boris Bojovi\u0107, nik\u0161i\u0107ki vladika, stigao je s delegacijom Crne Gore u Poto\u010dare. Kazao je kako je jako te\u0161ko prihvatiti da se ovakav zlo\u010din desio blizu svih, a da je neko to dozvolio. \u201cVe\u0107i je zlo\u010din negirati genocid nego ga izvr\u0161iti. Na\u017ealost, \u017eivimo u regionu gdje jo\u0161 uvijek veliki broj ljudi negira zlo\u010din i ne mogu [&hellip;]<\/p>\n","protected":false},"author":7,"featured_media":32595,"comment_status":"open","ping_status":"closed","sticky":false,"template":"","format":"standard","meta":{"inline_featured_image":false,"footnotes":""},"categories":[376,38],"tags":[],"class_list":{"0":"post-32594","1":"post","2":"type-post","3":"status-publish","4":"format-standard","5":"has-post-thumbnail","7":"category-featured","8":"category-vijesti-iz-bih"},"acf":[],"_links":{"self":[{"href":"https:\/\/tvsensor.com\/api\/wp\/v2\/posts\/32594","targetHints":{"allow":["GET"]}}],"collection":[{"href":"https:\/\/tvsensor.com\/api\/wp\/v2\/posts"}],"about":[{"href":"https:\/\/tvsensor.com\/api\/wp\/v2\/types\/post"}],"author":[{"embeddable":true,"href":"https:\/\/tvsensor.com\/api\/wp\/v2\/users\/7"}],"replies":[{"embeddable":true,"href":"https:\/\/tvsensor.com\/api\/wp\/v2\/comments?post=32594"}],"version-history":[{"count":2,"href":"https:\/\/tvsensor.com\/api\/wp\/v2\/posts\/32594\/revisions"}],"predecessor-version":[{"id":32597,"href":"https:\/\/tvsensor.com\/api\/wp\/v2\/posts\/32594\/revisions\/32597"}],"wp:featuredmedia":[{"embeddable":true,"href":"https:\/\/tvsensor.com\/api\/wp\/v2\/media\/32595"}],"wp:attachment":[{"href":"https:\/\/tvsensor.com\/api\/wp\/v2\/media?parent=32594"}],"wp:term":[{"taxonomy":"category","embeddable":true,"href":"https:\/\/tvsensor.com\/api\/wp\/v2\/categories?post=32594"},{"taxonomy":"post_tag","embeddable":true,"href":"https:\/\/tvsensor.com\/api\/wp\/v2\/tags?post=32594"}],"curies":[{"name":"wp","href":"https:\/\/api.w.org\/{rel}","templated":true}]}}