{"id":32593,"date":"2021-07-11T08:44:56","date_gmt":"2021-07-11T07:44:56","guid":{"rendered":"https:\/\/senzor.ba\/?p=32593"},"modified":"2024-01-15T21:27:24","modified_gmt":"2024-01-15T20:27:24","slug":"nukic-pokopao-sam-brata-za-ocem-tragam-i-ja-sam-prezivio-genocid-a-da-li-sam-ziv-ne-znam","status":"publish","type":"post","link":"https:\/\/tvsensor.com\/clanak\/nukic-pokopao-sam-brata-za-ocem-tragam-i-ja-sam-prezivio-genocid-a-da-li-sam-ziv-ne-znam\/","title":{"rendered":"Nuki\u0107: Pokopao sam brata, za ocem tragam, i ja sam pre\u017eivio genocid, a da li sam \u017eiv, ne znam"},"content":{"rendered":"\n<p> Halil Nuki\u0107 je izgubio u genocidu brata i oca, dvojicu amid\u017ei\u0107a.<\/p>\n\n\n\n<p>&#8211; Tu sam pokopao brata, oca jo\u0161 nisu prona\u0161li, tu su i dva amid\u017ei\u0107a. Nema koga nismo izgubili. Ne mogu vam objasniti kakve su to emocije. Djeca i \u017eena mi daju snagu. I ja sam pre\u017eivio genocid, uspio sam nekako, a da li sam \u017eiv, ne znam, ka\u017eu da jesam, ali se tako ne osje\u0107am &#8211; ispri\u010dao nam je Nuki\u0107.<\/p>\n\n\n\n<p>Pri\u010dali smo i sa Huseinom I\u010danovi\u0107em.<\/p>\n\n\n\n<p>&#8211; Tu sam sa majkom, ona je prou\u010dila hatmu svim \u017ertvama genocida. Dolazimo iz Bu\u017eima. Dolazio sam vi\u0161e puta, a majka je jednom bila. Maj\u010dina \u017eelja je bila da hatmu preda, da je na licu mjesta pokloni \u0161ehidima &#8211; govori nam I\u010danovi\u0107.<\/p>\n\n\n\n<p>Faktor<\/p>\n","protected":false},"excerpt":{"rendered":"<p>Halil Nuki\u0107 je izgubio u genocidu brata i oca, dvojicu amid\u017ei\u0107a. &#8211; Tu sam pokopao brata, oca jo\u0161 nisu prona\u0161li, tu su i dva amid\u017ei\u0107a. Nema koga nismo izgubili. Ne mogu vam objasniti kakve su to emocije. Djeca i \u017eena mi daju snagu. I ja sam pre\u017eivio genocid, uspio sam nekako, a da li sam [&hellip;]<\/p>\n","protected":false},"author":4,"featured_media":32598,"comment_status":"open","ping_status":"closed","sticky":false,"template":"","format":"standard","meta":{"inline_featured_image":false,"footnotes":""},"categories":[43,376,37],"tags":[],"class_list":{"0":"post-32593","1":"post","2":"type-post","3":"status-publish","4":"format-standard","5":"has-post-thumbnail","7":"category-bih","8":"category-featured","9":"category-vijesti"},"acf":[],"_links":{"self":[{"href":"https:\/\/tvsensor.com\/api\/wp\/v2\/posts\/32593","targetHints":{"allow":["GET"]}}],"collection":[{"href":"https:\/\/tvsensor.com\/api\/wp\/v2\/posts"}],"about":[{"href":"https:\/\/tvsensor.com\/api\/wp\/v2\/types\/post"}],"author":[{"embeddable":true,"href":"https:\/\/tvsensor.com\/api\/wp\/v2\/users\/4"}],"replies":[{"embeddable":true,"href":"https:\/\/tvsensor.com\/api\/wp\/v2\/comments?post=32593"}],"version-history":[{"count":4,"href":"https:\/\/tvsensor.com\/api\/wp\/v2\/posts\/32593\/revisions"}],"predecessor-version":[{"id":32602,"href":"https:\/\/tvsensor.com\/api\/wp\/v2\/posts\/32593\/revisions\/32602"}],"wp:featuredmedia":[{"embeddable":true,"href":"https:\/\/tvsensor.com\/api\/wp\/v2\/media\/32598"}],"wp:attachment":[{"href":"https:\/\/tvsensor.com\/api\/wp\/v2\/media?parent=32593"}],"wp:term":[{"taxonomy":"category","embeddable":true,"href":"https:\/\/tvsensor.com\/api\/wp\/v2\/categories?post=32593"},{"taxonomy":"post_tag","embeddable":true,"href":"https:\/\/tvsensor.com\/api\/wp\/v2\/tags?post=32593"}],"curies":[{"name":"wp","href":"https:\/\/api.w.org\/{rel}","templated":true}]}}