{"id":32584,"date":"2021-07-11T08:39:00","date_gmt":"2021-07-11T07:39:00","guid":{"rendered":"https:\/\/senzor.ba\/?p=32584"},"modified":"2024-01-15T21:27:27","modified_gmt":"2024-01-15T20:27:27","slug":"suhra-sinanovic-izgubila-je-23-clana-uze-porodice-bol-je-i-danas-ista","status":"publish","type":"post","link":"https:\/\/tvsensor.com\/clanak\/suhra-sinanovic-izgubila-je-23-clana-uze-porodice-bol-je-i-danas-ista\/","title":{"rendered":"\u0160uhra Sinanovi\u0107 izgubila je 23 \u010dlana u\u017ee porodice: Bol je i danas ista"},"content":{"rendered":"\n<p><strong>\u0160uhra Sinanovi\u0107 izgubila je 23 \u010dlana u\u017ee porodice u genocidu u Srebrenici. Istakla je kako bol i tuga ne prestaju ni nakon 26 godina.<\/strong><\/p>\n\n\n\n<p><strong>\u201cNa\u0161i najmiliji ginuli su na svim prostorima BiH. Genocid je po\u010deo 1992. godine, a zvr\u0161en je u julu 1995. godine u Srebrenici. Izgubila sam 23 \u010dlana u\u017ee porodice. Od 23 tragam za jo\u0161 troje. S ovog mjesta poru\u010dujem institucijama i tu\u017eila\u0161tvu i sudstvu da se \u0161to prije otkriju grobnice kako bi ukopali svoje najmilije. Starim. Na\u0161a rahmetli Sabaheta je preselila prije 20 dana. Ukopala je jendo jedino dijete, ali svog mu\u017ea \u0160abana nije prona\u0161la\u201d,<\/strong>&nbsp;kazala je Sinanovi\u0107 za N1.<\/p>\n\n\n\n<p>\u0160uhra je svog mu\u017ea prona\u0161la u vi\u0161e grobnica. Ukopan je naprvoj d\u017eenazi. Tada je ukopala jo\u0161 sedmero \u010dlanova porodice.<\/p>\n\n\n\n<p>Istakla je kako majke i supruge umiru, a nisu do\u010dekale da ukopaju svoje najmilije i bijelim ni\u0161anom obilje\u017ee mjesto.<\/p>\n\n\n\n<p>Govore\u0107i o pravdi, kazala je kako ne odustaju od te borbe. Podsjetila je da su svjedo\u010dile u Hagu, pisale se knjige i snimali filmovi.<\/p>\n\n\n\n<p><strong>\u201cMi Bo\u0161njaci brzo zaboravljamo ako se ne zapisuje i ne pri\u010da o tome\u201d<\/strong>, kazala je.<\/p>\n\n\n\n<p>N1<\/p>\n","protected":false},"excerpt":{"rendered":"<p>\u0160uhra Sinanovi\u0107 izgubila je 23 \u010dlana u\u017ee porodice u genocidu u Srebrenici. Istakla je kako bol i tuga ne prestaju ni nakon 26 godina. \u201cNa\u0161i najmiliji ginuli su na svim prostorima BiH. Genocid je po\u010deo 1992. godine, a zvr\u0161en je u julu 1995. godine u Srebrenici. Izgubila sam 23 \u010dlana u\u017ee porodice. Od 23 tragam [&hellip;]<\/p>\n","protected":false},"author":7,"featured_media":32586,"comment_status":"open","ping_status":"closed","sticky":false,"template":"","format":"standard","meta":{"inline_featured_image":false,"footnotes":""},"categories":[376,37],"tags":[],"class_list":{"0":"post-32584","1":"post","2":"type-post","3":"status-publish","4":"format-standard","5":"has-post-thumbnail","7":"category-featured","8":"category-vijesti"},"acf":[],"_links":{"self":[{"href":"https:\/\/tvsensor.com\/api\/wp\/v2\/posts\/32584","targetHints":{"allow":["GET"]}}],"collection":[{"href":"https:\/\/tvsensor.com\/api\/wp\/v2\/posts"}],"about":[{"href":"https:\/\/tvsensor.com\/api\/wp\/v2\/types\/post"}],"author":[{"embeddable":true,"href":"https:\/\/tvsensor.com\/api\/wp\/v2\/users\/7"}],"replies":[{"embeddable":true,"href":"https:\/\/tvsensor.com\/api\/wp\/v2\/comments?post=32584"}],"version-history":[{"count":1,"href":"https:\/\/tvsensor.com\/api\/wp\/v2\/posts\/32584\/revisions"}],"predecessor-version":[{"id":32588,"href":"https:\/\/tvsensor.com\/api\/wp\/v2\/posts\/32584\/revisions\/32588"}],"wp:featuredmedia":[{"embeddable":true,"href":"https:\/\/tvsensor.com\/api\/wp\/v2\/media\/32586"}],"wp:attachment":[{"href":"https:\/\/tvsensor.com\/api\/wp\/v2\/media?parent=32584"}],"wp:term":[{"taxonomy":"category","embeddable":true,"href":"https:\/\/tvsensor.com\/api\/wp\/v2\/categories?post=32584"},{"taxonomy":"post_tag","embeddable":true,"href":"https:\/\/tvsensor.com\/api\/wp\/v2\/tags?post=32584"}],"curies":[{"name":"wp","href":"https:\/\/api.w.org\/{rel}","templated":true}]}}