{"id":32578,"date":"2021-07-11T08:35:15","date_gmt":"2021-07-11T07:35:15","guid":{"rendered":"https:\/\/senzor.ba\/?p=32578"},"modified":"2024-01-15T21:27:28","modified_gmt":"2024-01-15T20:27:28","slug":"covic-povodom-11-jula-najadekvatnije-bi-bilo-sutjeti-i-osjecati-patnju-onih-cijim-se-sjenama-klanjamo","status":"publish","type":"post","link":"https:\/\/tvsensor.com\/clanak\/covic-povodom-11-jula-najadekvatnije-bi-bilo-sutjeti-i-osjecati-patnju-onih-cijim-se-sjenama-klanjamo\/","title":{"rendered":"\u010covi\u0107 povodom 11. jula: Najadekvatnije bi bilo \u0161utjeti i osje\u0107ati patnju onih \u010dijim se sjenama klanjamo"},"content":{"rendered":"\n<p>On je na svom profilu postavio fotografiju na kojoj nosi cvijet Srebrenice uz poruku na engleskom jeziku da su sve rije\u010di koje se izreknu na dana\u0161nji dan suvi\u0161ne.<\/p>\n\n\n\n<p>&#8211; Kako obilje\u017eavamo 11. juli, mo\u017eda bi najadekvatnije bilo \u0161utjeti i osje\u0107ati cjelokupnu bol patnje koju su podnijeli oni \u010dijim se sjenama klanjamo. Ovo mjesto nam govori mnogo vi\u0161e od bilo koje rije\u010di &#8211; napisao je \u010covi\u0107.<\/p>\n","protected":false},"excerpt":{"rendered":"<p>On je na svom profilu postavio fotografiju na kojoj nosi cvijet Srebrenice uz poruku na engleskom jeziku da su sve rije\u010di koje se izreknu na dana\u0161nji dan suvi\u0161ne. &#8211; Kako obilje\u017eavamo 11. juli, mo\u017eda bi najadekvatnije bilo \u0161utjeti i osje\u0107ati cjelokupnu bol patnje koju su podnijeli oni \u010dijim se sjenama klanjamo. Ovo mjesto nam govori [&hellip;]<\/p>\n","protected":false},"author":4,"featured_media":32579,"comment_status":"open","ping_status":"closed","sticky":false,"template":"","format":"standard","meta":{"inline_featured_image":false,"footnotes":""},"categories":[43,376,37],"tags":[],"class_list":{"0":"post-32578","1":"post","2":"type-post","3":"status-publish","4":"format-standard","5":"has-post-thumbnail","7":"category-bih","8":"category-featured","9":"category-vijesti"},"acf":[],"_links":{"self":[{"href":"https:\/\/tvsensor.com\/api\/wp\/v2\/posts\/32578","targetHints":{"allow":["GET"]}}],"collection":[{"href":"https:\/\/tvsensor.com\/api\/wp\/v2\/posts"}],"about":[{"href":"https:\/\/tvsensor.com\/api\/wp\/v2\/types\/post"}],"author":[{"embeddable":true,"href":"https:\/\/tvsensor.com\/api\/wp\/v2\/users\/4"}],"replies":[{"embeddable":true,"href":"https:\/\/tvsensor.com\/api\/wp\/v2\/comments?post=32578"}],"version-history":[{"count":4,"href":"https:\/\/tvsensor.com\/api\/wp\/v2\/posts\/32578\/revisions"}],"predecessor-version":[{"id":32583,"href":"https:\/\/tvsensor.com\/api\/wp\/v2\/posts\/32578\/revisions\/32583"}],"wp:featuredmedia":[{"embeddable":true,"href":"https:\/\/tvsensor.com\/api\/wp\/v2\/media\/32579"}],"wp:attachment":[{"href":"https:\/\/tvsensor.com\/api\/wp\/v2\/media?parent=32578"}],"wp:term":[{"taxonomy":"category","embeddable":true,"href":"https:\/\/tvsensor.com\/api\/wp\/v2\/categories?post=32578"},{"taxonomy":"post_tag","embeddable":true,"href":"https:\/\/tvsensor.com\/api\/wp\/v2\/tags?post=32578"}],"curies":[{"name":"wp","href":"https:\/\/api.w.org\/{rel}","templated":true}]}}