{"id":32573,"date":"2021-07-11T08:29:16","date_gmt":"2021-07-11T07:29:16","guid":{"rendered":"https:\/\/senzor.ba\/?p=32573"},"modified":"2024-01-15T21:27:29","modified_gmt":"2024-01-15T20:27:29","slug":"pejcinovic-buric-nacionalizam-i-mrznja-doveli-su-do-masovnih-ubistava","status":"publish","type":"post","link":"https:\/\/tvsensor.com\/clanak\/pejcinovic-buric-nacionalizam-i-mrznja-doveli-su-do-masovnih-ubistava\/","title":{"rendered":"Pej\u010dinovi\u0107 Buri\u0107: Nacionalizam i mr\u017enja doveli su do masovnih ubistava"},"content":{"rendered":"\n<p>&#8220;Nacionalizam, mr\u017enja i etni\u010dko \u010di\u0161\u0107enje doveli su do masovnih ubistava, razaranja i kr\u0161enja ljudskih prava na na\u0161em kontinentu. Neizmjerna patnja porodica i najmilijih ubijenih traje do danas&#8221;, naglasila je.<\/p>\n\n\n\n<p>Kako je u saop\u0107enju napisala, tragedija se ne mo\u017ee poni\u0161titi, ali se ne smije odustati od sje\u0107anja na genocid u Srebrenici, odavanje po\u010dasti \u017ertvama i zalaganja za toleranciju me\u0111u narodima Bosne i Hercegovine i cijele Evrope kako se takvo zlodjelo vi\u0161e nikada ne bi ponovilo.<\/p>\n","protected":false},"excerpt":{"rendered":"<p>&#8220;Nacionalizam, mr\u017enja i etni\u010dko \u010di\u0161\u0107enje doveli su do masovnih ubistava, razaranja i kr\u0161enja ljudskih prava na na\u0161em kontinentu. Neizmjerna patnja porodica i najmilijih ubijenih traje do danas&#8221;, naglasila je. Kako je u saop\u0107enju napisala, tragedija se ne mo\u017ee poni\u0161titi, ali se ne smije odustati od sje\u0107anja na genocid u Srebrenici, odavanje po\u010dasti \u017ertvama i zalaganja [&hellip;]<\/p>\n","protected":false},"author":4,"featured_media":32574,"comment_status":"open","ping_status":"closed","sticky":false,"template":"","format":"standard","meta":{"inline_featured_image":false,"footnotes":""},"categories":[43,376,37],"tags":[],"class_list":{"0":"post-32573","1":"post","2":"type-post","3":"status-publish","4":"format-standard","5":"has-post-thumbnail","7":"category-bih","8":"category-featured","9":"category-vijesti"},"acf":[],"_links":{"self":[{"href":"https:\/\/tvsensor.com\/api\/wp\/v2\/posts\/32573","targetHints":{"allow":["GET"]}}],"collection":[{"href":"https:\/\/tvsensor.com\/api\/wp\/v2\/posts"}],"about":[{"href":"https:\/\/tvsensor.com\/api\/wp\/v2\/types\/post"}],"author":[{"embeddable":true,"href":"https:\/\/tvsensor.com\/api\/wp\/v2\/users\/4"}],"replies":[{"embeddable":true,"href":"https:\/\/tvsensor.com\/api\/wp\/v2\/comments?post=32573"}],"version-history":[{"count":3,"href":"https:\/\/tvsensor.com\/api\/wp\/v2\/posts\/32573\/revisions"}],"predecessor-version":[{"id":32577,"href":"https:\/\/tvsensor.com\/api\/wp\/v2\/posts\/32573\/revisions\/32577"}],"wp:featuredmedia":[{"embeddable":true,"href":"https:\/\/tvsensor.com\/api\/wp\/v2\/media\/32574"}],"wp:attachment":[{"href":"https:\/\/tvsensor.com\/api\/wp\/v2\/media?parent=32573"}],"wp:term":[{"taxonomy":"category","embeddable":true,"href":"https:\/\/tvsensor.com\/api\/wp\/v2\/categories?post=32573"},{"taxonomy":"post_tag","embeddable":true,"href":"https:\/\/tvsensor.com\/api\/wp\/v2\/tags?post=32573"}],"curies":[{"name":"wp","href":"https:\/\/api.w.org\/{rel}","templated":true}]}}