{"id":32562,"date":"2021-07-11T08:17:57","date_gmt":"2021-07-11T07:17:57","guid":{"rendered":"https:\/\/senzor.ba\/?p=32562"},"modified":"2024-01-15T21:27:31","modified_gmt":"2024-01-15T20:27:31","slug":"porodice-od-jutarnjih-sati-pristizu-u-potocare","status":"publish","type":"post","link":"https:\/\/tvsensor.com\/clanak\/porodice-od-jutarnjih-sati-pristizu-u-potocare\/","title":{"rendered":"Porodice od jutarnjih sati pristi\u017eu u Poto\u010dare"},"content":{"rendered":"\n<p>Porodice, prijatelji, kom\u0161ije \u017ertava genocida po\u010dinjenog u julu 1995. godine u Srebrenici od ranih jutarnjih sati pristi\u017eu u Memorijalni centra Srebrenica &#8211; Poto\u010dari gdje \u0107e danas biti klanjana d\u017eenaza-namaz i obavljen ukop za jo\u0161 19 novoidentifikovanih \u017ertava, javlja Anadolu Agency (AA).<\/p>\n\n\n\n<p>Najmla\u0111a \u017ertva koja \u0107e ove godine biti ukopana u Memorijalnom centru Poto\u010dari je Azmir Osmanovi\u0107 koji je imao svega 16 godina kada je likvidiran. Kona\u010dan smiraj ove godine \u0107e prona\u0107i jo\u0161 jedan maloljetnik Fikret Kiveri\u0107 koji je imao 17 godina u momentu smrti.<\/p>\n\n\n\n<p>Ove godine kona\u010dan smiraj na\u0107i \u0107e i jedna \u017eena Zilha Deli\u0107. U momentu stradanja imala je svega 24 godine.<\/p>\n\n\n\n<p>U Memorijalnom centru Srebrenica &#8211; Poto\u010dari bit \u0107e ukopani ove godine i otac i sin Hajro i Jusuf Alji\u0107.<\/p>\n\n\n\n<p>Najstarija \u017ertva koja \u0107e na\u0107i svoj kona\u010dni smiraj u Memorijalnom centru Poto\u010dari jeste Husein Kurba\u0161i\u0107, koji je imao 63 godine u \u010dasu smrti.<\/p>\n\n\n\n<p>U mezarju Memorijalnog centra Poto\u010dari \u2013 Srebrenica ove godine bit \u0107e ukopani: Vejsil (Abdulah) Hamzabegovi\u0107 ro\u0111en 1939. godine, Muhidin (Mujo) Mehmedovi\u0107 ro\u0111en 1977, Fikret (Ramiz) Kiveri\u0107 ro\u0111en 1978, Ramiz (Rizvo) Selimovi\u0107 ro\u0111en 1951, Esnaf (Zurijet) Halilovi\u0107 ro\u0111en 1976, Zilha (Edhem) Deli\u0107 ro\u0111ena 1971, Muamer (Osman) Muji\u0107 ro\u0111en 1976, Mehmed (Mustafa) Beganovi\u0107 ro\u0111en 1947, Hajrp (Ramo) Alji\u0107 ro\u0111en 1944, Jusuf (Hajro) Alji\u0107 ro\u0111en 1967, Zajim (Mujo) Hasanovi\u0107 ro\u0111en 1968, Asim (Husejin) Nuki\u0107 ro\u0111en 1971, Azmir (Aziz) Osmanovi\u0107 ro\u0111en 1979, Nezir (Re\u0161id) Dautovi\u0107 ro\u0111en 1969, Ibrahim (Suljo) Avdagi\u0107 ro\u0111en 1950, Jusuf (Adem) Halilovi\u0107 ro\u0111en 1948, Salih (D\u017eanan) D\u017eananovi\u0107 ro\u0111en 1955, Meho (Salih) Karahod\u017ei\u0107 ro\u0111en 1939. i Husein (Ibrahim) Kurba\u0161i\u0107 ro\u0111en 1932.<\/p>\n\n\n\n<p>U Komemorativnom centru u Tuzli nalaze se posmrtni ostaci jo\u0161 88 \u017ertava za koje je stigao DNK nalaz o identitetu, ali te \u017ertve nisu zvani\u010dno identifikovale porodice.<\/p>\n\n\n\n<p>Identifikovano je jo\u0161 36 \u017ertava, ali porodice jo\u0161 nisu dale saglasnost za njihov ukop, uglavnom zbog oskudnih skeletnih ostataka ovih \u017ertava koji su do sada prona\u0111eni.<\/p>\n\n\n\n<p>Porodice dvije \u017ertve koje su dale saglasnost ove godine pa je potom povukle, odlu\u010dile su se za ukop posmrtnih ostataka njihovih najmilijih naredne, 2022. godine.<\/p>\n\n\n\n<p>U Memorijalnom centru Srebrenica \u2013 Poto\u010dari, do sada su ukopane 6.652 \u017ertve genocida po\u010dinjenog u julu 1995. godine, dok je na drugim lokacijama, a prema \u017eeljama porodica \u017ertava, ukopano jo\u0161 237 \u017ertava genocida. Jo\u0161 uvijek se traga za oko 1.000 \u017ertava genocida.<\/p>\n\n\n\n<p>AA<\/p>\n","protected":false},"excerpt":{"rendered":"<p>Porodice, prijatelji, kom\u0161ije \u017ertava genocida po\u010dinjenog u julu 1995. godine u Srebrenici od ranih jutarnjih sati pristi\u017eu u Memorijalni centra Srebrenica &#8211; Poto\u010dari gdje \u0107e danas biti klanjana d\u017eenaza-namaz i obavljen ukop za jo\u0161 19 novoidentifikovanih \u017ertava, javlja Anadolu Agency (AA). Najmla\u0111a \u017ertva koja \u0107e ove godine biti ukopana u Memorijalnom centru Poto\u010dari je Azmir [&hellip;]<\/p>\n","protected":false},"author":4,"featured_media":32563,"comment_status":"open","ping_status":"closed","sticky":false,"template":"","format":"standard","meta":{"inline_featured_image":false,"footnotes":""},"categories":[37],"tags":[],"class_list":{"0":"post-32562","1":"post","2":"type-post","3":"status-publish","4":"format-standard","5":"has-post-thumbnail","7":"category-vijesti"},"acf":[],"_links":{"self":[{"href":"https:\/\/tvsensor.com\/api\/wp\/v2\/posts\/32562","targetHints":{"allow":["GET"]}}],"collection":[{"href":"https:\/\/tvsensor.com\/api\/wp\/v2\/posts"}],"about":[{"href":"https:\/\/tvsensor.com\/api\/wp\/v2\/types\/post"}],"author":[{"embeddable":true,"href":"https:\/\/tvsensor.com\/api\/wp\/v2\/users\/4"}],"replies":[{"embeddable":true,"href":"https:\/\/tvsensor.com\/api\/wp\/v2\/comments?post=32562"}],"version-history":[{"count":3,"href":"https:\/\/tvsensor.com\/api\/wp\/v2\/posts\/32562\/revisions"}],"predecessor-version":[{"id":32566,"href":"https:\/\/tvsensor.com\/api\/wp\/v2\/posts\/32562\/revisions\/32566"}],"wp:featuredmedia":[{"embeddable":true,"href":"https:\/\/tvsensor.com\/api\/wp\/v2\/media\/32563"}],"wp:attachment":[{"href":"https:\/\/tvsensor.com\/api\/wp\/v2\/media?parent=32562"}],"wp:term":[{"taxonomy":"category","embeddable":true,"href":"https:\/\/tvsensor.com\/api\/wp\/v2\/categories?post=32562"},{"taxonomy":"post_tag","embeddable":true,"href":"https:\/\/tvsensor.com\/api\/wp\/v2\/tags?post=32562"}],"curies":[{"name":"wp","href":"https:\/\/api.w.org\/{rel}","templated":true}]}}