{"id":32557,"date":"2021-07-11T08:13:16","date_gmt":"2021-07-11T07:13:16","guid":{"rendered":"https:\/\/senzor.ba\/?p=32557"},"modified":"2024-01-15T21:27:31","modified_gmt":"2024-01-15T20:27:31","slug":"dan-je-zalosti-u-federaciji-bih-i-distriktu-brcko","status":"publish","type":"post","link":"https:\/\/tvsensor.com\/clanak\/dan-je-zalosti-u-federaciji-bih-i-distriktu-brcko\/","title":{"rendered":"Dan je \u017ealosti u Federaciji BiH i Distriktu Br\u010dko"},"content":{"rendered":"\n<p>U Federaciji BiH i Br\u010dko distriktu BiH je dan \u017ealosti povodom 26. godi\u0161njice genocida u Srebrenici. U Poto\u010darima \u0107e za 19 \u017ertava biti odr\u017eana komemoracija i kolektivna d\u017eenaza.<\/p>\n\n\n\n<p>Ove godine me\u0111u \u017ertvama su i dvije maloljetne osobe. Najmla\u0111a \u017ertva je imala 16 godina.<\/p>\n\n\n\n<p>U Memorijalnom centru Srebrenica &#8211; Poto\u010dari do sada su ukopane 6.652 \u017ertve genocida, dok je na drugim lokacijama, a prema \u017eeljama porodica, ukopano jo\u0161 237 \u017ertava genocida.<\/p>\n\n\n\n<p>Jo\u0161 se traga za oko hiljadu \u017ertava, koje su u julu 1995. godine ubijene u najve\u0107em zlo\u010dinu na tlu Evrope nakon Drugog svjetskog rata. Vojska Republike Srpske u Srebrenici je tada ubila vi\u0161e od 8 hiljada stanovnika nesrpske nacionalnosti. Za zlo\u010dine je na vi\u0161e od 700 godina zatvora osu\u0111eno 47 osoba, me\u0111u njima i Radovan Karad\u017ei\u0107 i Ratko Mladi\u0107 na do\u017eivotnu robiju.&nbsp;<\/p>\n","protected":false},"excerpt":{"rendered":"<p>U Federaciji BiH i Br\u010dko distriktu BiH je dan \u017ealosti povodom 26. godi\u0161njice genocida u Srebrenici. U Poto\u010darima \u0107e za 19 \u017ertava biti odr\u017eana komemoracija i kolektivna d\u017eenaza. Ove godine me\u0111u \u017ertvama su i dvije maloljetne osobe. Najmla\u0111a \u017ertva je imala 16 godina. U Memorijalnom centru Srebrenica &#8211; Poto\u010dari do sada su ukopane 6.652 \u017ertve [&hellip;]<\/p>\n","protected":false},"author":4,"featured_media":32558,"comment_status":"open","ping_status":"closed","sticky":false,"template":"","format":"standard","meta":{"inline_featured_image":false,"footnotes":""},"categories":[37],"tags":[],"class_list":{"0":"post-32557","1":"post","2":"type-post","3":"status-publish","4":"format-standard","5":"has-post-thumbnail","7":"category-vijesti"},"acf":[],"_links":{"self":[{"href":"https:\/\/tvsensor.com\/api\/wp\/v2\/posts\/32557","targetHints":{"allow":["GET"]}}],"collection":[{"href":"https:\/\/tvsensor.com\/api\/wp\/v2\/posts"}],"about":[{"href":"https:\/\/tvsensor.com\/api\/wp\/v2\/types\/post"}],"author":[{"embeddable":true,"href":"https:\/\/tvsensor.com\/api\/wp\/v2\/users\/4"}],"replies":[{"embeddable":true,"href":"https:\/\/tvsensor.com\/api\/wp\/v2\/comments?post=32557"}],"version-history":[{"count":3,"href":"https:\/\/tvsensor.com\/api\/wp\/v2\/posts\/32557\/revisions"}],"predecessor-version":[{"id":32561,"href":"https:\/\/tvsensor.com\/api\/wp\/v2\/posts\/32557\/revisions\/32561"}],"wp:featuredmedia":[{"embeddable":true,"href":"https:\/\/tvsensor.com\/api\/wp\/v2\/media\/32558"}],"wp:attachment":[{"href":"https:\/\/tvsensor.com\/api\/wp\/v2\/media?parent=32557"}],"wp:term":[{"taxonomy":"category","embeddable":true,"href":"https:\/\/tvsensor.com\/api\/wp\/v2\/categories?post=32557"},{"taxonomy":"post_tag","embeddable":true,"href":"https:\/\/tvsensor.com\/api\/wp\/v2\/tags?post=32557"}],"curies":[{"name":"wp","href":"https:\/\/api.w.org\/{rel}","templated":true}]}}