{"id":32524,"date":"2021-07-10T21:07:56","date_gmt":"2021-07-10T20:07:56","guid":{"rendered":"https:\/\/senzor.ba\/?p=32524"},"modified":"2024-01-15T21:27:33","modified_gmt":"2024-01-15T20:27:33","slug":"srebrenica-10-7-2021","status":"publish","type":"post","link":"https:\/\/tvsensor.com\/clanak\/srebrenica-10-7-2021\/","title":{"rendered":"Srebrenica 10.7. 2021"},"content":{"rendered":"\n<p>Stanje u Srebrenici i atmosfera pred sutra\u0161nju kolektivnu d\u017eenazu 19 \u017ertava genocida nad Bo\u0161njacima.<\/p>\n","protected":false},"excerpt":{"rendered":"<p>Stanje u Srebrenici i atmosfera pred sutra\u0161nju kolektivnu d\u017eenazu 19 \u017ertava genocida nad Bo\u0161njacima.<\/p>\n","protected":false},"author":59,"featured_media":32525,"comment_status":"open","ping_status":"closed","sticky":false,"template":"","format":"video","meta":{"inline_featured_image":false,"footnotes":""},"categories":[72,1192],"tags":[],"class_list":{"0":"post-32524","1":"post","2":"type-post","3":"status-publish","4":"format-video","5":"has-post-thumbnail","7":"category-video-galerija","8":"category-vijesti-video-galerija","9":"post_format-post-format-video"},"acf":[],"_links":{"self":[{"href":"https:\/\/tvsensor.com\/api\/wp\/v2\/posts\/32524","targetHints":{"allow":["GET"]}}],"collection":[{"href":"https:\/\/tvsensor.com\/api\/wp\/v2\/posts"}],"about":[{"href":"https:\/\/tvsensor.com\/api\/wp\/v2\/types\/post"}],"author":[{"embeddable":true,"href":"https:\/\/tvsensor.com\/api\/wp\/v2\/users\/59"}],"replies":[{"embeddable":true,"href":"https:\/\/tvsensor.com\/api\/wp\/v2\/comments?post=32524"}],"version-history":[{"count":1,"href":"https:\/\/tvsensor.com\/api\/wp\/v2\/posts\/32524\/revisions"}],"predecessor-version":[{"id":32526,"href":"https:\/\/tvsensor.com\/api\/wp\/v2\/posts\/32524\/revisions\/32526"}],"wp:featuredmedia":[{"embeddable":true,"href":"https:\/\/tvsensor.com\/api\/wp\/v2\/media\/32525"}],"wp:attachment":[{"href":"https:\/\/tvsensor.com\/api\/wp\/v2\/media?parent=32524"}],"wp:term":[{"taxonomy":"category","embeddable":true,"href":"https:\/\/tvsensor.com\/api\/wp\/v2\/categories?post=32524"},{"taxonomy":"post_tag","embeddable":true,"href":"https:\/\/tvsensor.com\/api\/wp\/v2\/tags?post=32524"}],"curies":[{"name":"wp","href":"https:\/\/api.w.org\/{rel}","templated":true}]}}