{"id":32511,"date":"2021-07-10T20:54:47","date_gmt":"2021-07-10T19:54:47","guid":{"rendered":"https:\/\/senzor.ba\/?p=32511"},"modified":"2024-01-15T21:27:36","modified_gmt":"2024-01-15T20:27:36","slug":"novalic-i-ramic-stigli-u-potocare-sa-ucesnicima-marsa-mira","status":"publish","type":"post","link":"https:\/\/tvsensor.com\/clanak\/novalic-i-ramic-stigli-u-potocare-sa-ucesnicima-marsa-mira\/","title":{"rendered":"Novali\u0107 i Rami\u0107 stigli u Poto\u010dare sa u\u010desnicima Mar\u0161a mira"},"content":{"rendered":"\n<p>Na \u010delu u\u010desnika Mar\u0161a mira koji su stigli u Poto\u010dare nalazili su se premijer FBiH Fadil Novali\u0107 i federalni ministar raseljenih osoba i izbjeglica Edin Rami\u0107. Naime, pomenuti su se jutros pridru\u017eili u\u010desnicima 17. mar\u0161a mira na po\u010detku tre\u0107e, ujedno i posljednje, dionice Mar\u0161a u Mravinjcima.<\/p>\n","protected":false},"excerpt":{"rendered":"<p>Na \u010delu u\u010desnika Mar\u0161a mira koji su stigli u Poto\u010dare nalazili su se premijer FBiH Fadil Novali\u0107 i federalni ministar raseljenih osoba i izbjeglica Edin Rami\u0107. Naime, pomenuti su se jutros pridru\u017eili u\u010desnicima 17. mar\u0161a mira na po\u010detku tre\u0107e, ujedno i posljednje, dionice Mar\u0161a u Mravinjcima.<\/p>\n","protected":false},"author":59,"featured_media":32514,"comment_status":"open","ping_status":"closed","sticky":false,"template":"","format":"video","meta":{"inline_featured_image":false,"footnotes":""},"categories":[72,1192],"tags":[],"class_list":{"0":"post-32511","1":"post","2":"type-post","3":"status-publish","4":"format-video","5":"has-post-thumbnail","7":"category-video-galerija","8":"category-vijesti-video-galerija","9":"post_format-post-format-video"},"acf":[],"_links":{"self":[{"href":"https:\/\/tvsensor.com\/api\/wp\/v2\/posts\/32511","targetHints":{"allow":["GET"]}}],"collection":[{"href":"https:\/\/tvsensor.com\/api\/wp\/v2\/posts"}],"about":[{"href":"https:\/\/tvsensor.com\/api\/wp\/v2\/types\/post"}],"author":[{"embeddable":true,"href":"https:\/\/tvsensor.com\/api\/wp\/v2\/users\/59"}],"replies":[{"embeddable":true,"href":"https:\/\/tvsensor.com\/api\/wp\/v2\/comments?post=32511"}],"version-history":[{"count":1,"href":"https:\/\/tvsensor.com\/api\/wp\/v2\/posts\/32511\/revisions"}],"predecessor-version":[{"id":32512,"href":"https:\/\/tvsensor.com\/api\/wp\/v2\/posts\/32511\/revisions\/32512"}],"wp:featuredmedia":[{"embeddable":true,"href":"https:\/\/tvsensor.com\/api\/wp\/v2\/media\/32514"}],"wp:attachment":[{"href":"https:\/\/tvsensor.com\/api\/wp\/v2\/media?parent=32511"}],"wp:term":[{"taxonomy":"category","embeddable":true,"href":"https:\/\/tvsensor.com\/api\/wp\/v2\/categories?post=32511"},{"taxonomy":"post_tag","embeddable":true,"href":"https:\/\/tvsensor.com\/api\/wp\/v2\/tags?post=32511"}],"curies":[{"name":"wp","href":"https:\/\/api.w.org\/{rel}","templated":true}]}}