{"id":32508,"date":"2021-07-10T20:53:11","date_gmt":"2021-07-10T19:53:11","guid":{"rendered":"https:\/\/senzor.ba\/?p=32508"},"modified":"2024-01-15T21:27:37","modified_gmt":"2024-01-15T20:27:37","slug":"djeca-boraca-srebrenice-ucesnici-marsa-mira-2021","status":"publish","type":"post","link":"https:\/\/tvsensor.com\/clanak\/djeca-boraca-srebrenice-ucesnici-marsa-mira-2021\/","title":{"rendered":"\u201cDjeca boraca Srebrenice\u201c u\u010desnici Mar\u0161a mira 2021"},"content":{"rendered":"\n<p>U Mar\u0161u mira 2021., po prvi put organizovano, svoje u\u010de\u0161\u0107e uzela su i \u201cDjeca boraca Srebrenice\u201c.Ideja o ovoj grupi pod nazivom \u201cDjeca boraca Srebrenice\u201c rodila se na pro\u0161logodi\u0161njem Mr\u0161u mira.Kada starije generacije pre\u017eivjelih ne budu mogle hodati trasom od Nezuka do Poto\u010dara da to preuzmu \u201cDjeca boraca Srebrenice\u201d, kazao nam je jedan od u\u010desnika.<\/p>\n","protected":false},"excerpt":{"rendered":"<p>U Mar\u0161u mira 2021., po prvi put organizovano, svoje u\u010de\u0161\u0107e uzela su i \u201cDjeca boraca Srebrenice\u201c.Ideja o ovoj grupi pod nazivom \u201cDjeca boraca Srebrenice\u201c rodila se na pro\u0161logodi\u0161njem Mr\u0161u mira.Kada starije generacije pre\u017eivjelih ne budu mogle hodati trasom od Nezuka do Poto\u010dara da to preuzmu \u201cDjeca boraca Srebrenice\u201d, kazao nam je jedan od u\u010desnika.<\/p>\n","protected":false},"author":59,"featured_media":32509,"comment_status":"open","ping_status":"closed","sticky":false,"template":"","format":"standard","meta":{"inline_featured_image":false,"footnotes":""},"categories":[238],"tags":[],"class_list":{"0":"post-32508","1":"post","2":"type-post","3":"status-publish","4":"format-standard","5":"has-post-thumbnail","7":"category-slika-dana"},"acf":[],"_links":{"self":[{"href":"https:\/\/tvsensor.com\/api\/wp\/v2\/posts\/32508","targetHints":{"allow":["GET"]}}],"collection":[{"href":"https:\/\/tvsensor.com\/api\/wp\/v2\/posts"}],"about":[{"href":"https:\/\/tvsensor.com\/api\/wp\/v2\/types\/post"}],"author":[{"embeddable":true,"href":"https:\/\/tvsensor.com\/api\/wp\/v2\/users\/59"}],"replies":[{"embeddable":true,"href":"https:\/\/tvsensor.com\/api\/wp\/v2\/comments?post=32508"}],"version-history":[{"count":1,"href":"https:\/\/tvsensor.com\/api\/wp\/v2\/posts\/32508\/revisions"}],"predecessor-version":[{"id":32510,"href":"https:\/\/tvsensor.com\/api\/wp\/v2\/posts\/32508\/revisions\/32510"}],"wp:featuredmedia":[{"embeddable":true,"href":"https:\/\/tvsensor.com\/api\/wp\/v2\/media\/32509"}],"wp:attachment":[{"href":"https:\/\/tvsensor.com\/api\/wp\/v2\/media?parent=32508"}],"wp:term":[{"taxonomy":"category","embeddable":true,"href":"https:\/\/tvsensor.com\/api\/wp\/v2\/categories?post=32508"},{"taxonomy":"post_tag","embeddable":true,"href":"https:\/\/tvsensor.com\/api\/wp\/v2\/tags?post=32508"}],"curies":[{"name":"wp","href":"https:\/\/api.w.org\/{rel}","templated":true}]}}