{"id":32430,"date":"2021-07-09T20:48:22","date_gmt":"2021-07-09T19:48:22","guid":{"rendered":"https:\/\/senzor.ba\/?p=32430"},"modified":"2024-01-15T21:27:49","modified_gmt":"2024-01-15T20:27:49","slug":"dva-dana-do-11-jula-hoce-li-valentin-inzko-ispuniti-obecanje","status":"publish","type":"post","link":"https:\/\/tvsensor.com\/clanak\/dva-dana-do-11-jula-hoce-li-valentin-inzko-ispuniti-obecanje\/","title":{"rendered":"Dva dana do 11. jula: Ho\u0107e li Valentin Inzko &#8220;ispuniti obe\u0107anje&#8221;?"},"content":{"rendered":"\n<p><strong>Zalagat \u0107u se da se u Parlamentu BiH donese zakon o negiranju genocida. Idu\u0107e godine \u0107emo sigurno imati takav zakon\u201d, izjava je koju je medijima dao visoki predstavnik Valentin Inzko prilikom obilje\u017eavanja 24. godi\u0161njice genocida u Srebrenici<\/strong>.<\/p>\n\n\n\n<p>Dvije godine kasnije, dva dana do obilje\u017eavanja 26. godi\u0161njice, ovaj zakon nije usvojen pred Dr\u017eavnim parlamentom, a \u017ertve i javnost smatraju da je&nbsp;<strong>visoki predstavnik mogao i morao uraditi vi\u0161e<\/strong>&nbsp;za procese tranzicione pravde.<\/p>\n\n\n\n<p>Valentin Inzko ponovo je obe\u0107ao nametnuti zakon o zabrani negiranja genocida, holokausta i ratnih zlo\u010dina, ako ga doma\u0107e vlasti ne usvoje do 11. jula 2021. godine.<\/p>\n\n\n\n<p><strong>Munira Suba\u0161i\u0107<\/strong>, predsjednica Udru\u017eenja Pokret Majke enklava Srebrenica i \u017depa, ka\u017ee za\u00a0<em>Balkansku istra\u017eiva\u010dku mre\u017eu Bosne i Hercegovine (BIRN BiH)<\/em>\u00a0da Inzko jo\u0161 nije ispunio li\u010dno obe\u0107anje koje im je dao u Poto\u010darima.<\/p>\n\n\n\n<p>\u201cDopisivao se s vlastima Republike Srpske o poni\u0161tenju odluke o odlikovanju presu\u0111enih ratnih zlo\u010dinaca, pa i po tom pitanju nije uradio ni\u0161ta. Treba pitati njega kako se osje\u0107a zbog toga. Prije nego \u0161to ode s funkcije visokog predstavnika, Inzko treba tra\u017eiti oprost svih majki Srebrenice i svih \u017ertava genocida i drugih zlo\u010dina u BiH, a nadam se da \u0107e budu\u0107i visoki predstavnik uraditi sve \u0161to Inzko nije\u201d, rekla je.<\/p>\n\n\n\n<p>I <strong>advokatica Vasvija Vidovi\u0107<\/strong> smatra da je Inzko u svom mandatu mogao i morao mnogo vi\u0161e, naro\u010dito kada je u pitanju tematika ratnih zlo\u010dina u BiH, jer je \u201cimao te ovlasti\u201d: &#8220;Jednostavno je morao insistirati na zabrani glorifikacije ratnih zlo\u010dinaca i ka\u017enjavanju takvih po\u010dinitelja. Na koncu svega, do sada je morao nametnuti zakon o zabrani negiranja genocida u BiH.&#8221;<\/p>\n\n\n\n<p><strong>U bh. javnosti \u010desto se smatra da Inzko nije imao podr\u0161ku Vije\u0107a za implementaciju mira (PIC)<\/strong>, te me\u0111unarodne zajednice, kao i da su mu zbog toga bile \u201csvezane ruke\u201d, \u0161to je dijelom i ta\u010dno, smatra zastupnik u Parlamentu BiH <strong>Halid Genjac<\/strong>. Ipak, ostaje jedna va\u017ena \u010dinjenica &#8211; da Inzka niko nije mogao sprije\u010diti da u\u010dini jedan civilizacijski \u010din, smatra Genjac.<\/p>\n\n\n\n<p>\u201cTu dolazi do izra\u017eaja personalitet i mo\u0107 visokog predstavnika koju nije iskoristio. Najmanje \u0161to je mogao jeste da nametne zakon o zabrani negiranja genocida i to bi bila jedna civilizacijska odluka, zasnovana na zakonima i Ustavu. Nijedan politi\u010dki centar mo\u0107i u svijetu ga zbog toga ne bi mogao kritikovati i to je ono \u0161to je mogao a nije uradio\u201d, rekao je Genjac za BIRN BiH.<\/p>\n\n\n\n<p><strong>Civilizacijska sramota<\/strong><\/p>\n\n\n\n<p><strong>\u0160efik D\u017eaferovi\u0107<\/strong>, \u010dlan Predsjedni\u0161tva BiH, nedavno je pozvao Inzka da ovoga mjeseca, prije okon\u010danja mandata, nametne zakon o negiranju genocida. Kako je kazao D\u017eaferovi\u0107, Inzko bi na taj na\u010din \u201cs obrazom mogao oti\u0107i iz na\u0161e zemlje\u201d.<\/p>\n\n\n\n<p>\u201cZakon o zabrani negiranja genocida davno je trebao biti donesen ili u Parlamentarnoj skup\u0161tini BiH ili da ga donese visoki predstavnik. To je civilizacijska sramota i za one u Parlamentarnoj skup\u0161tini koji su spre\u010davali dono\u0161enje zakona, kao i za visokog predstavnika, \u0161to zakon do danas nije donesen\u201d, rekao je D\u017eaferovi\u0107.<\/p>\n\n\n\n<p>Inzko je za <strong>Nenada Stevandi\u0107a<\/strong>, poslanika u Predstavni\u010dkom domu Parlamenta BiH i \u0161efa Kluba predstavnika srpskog naroda, tokom \u010ditavog svog mandata vodio \u201c<strong>antidejtonsku politiku<\/strong>, koja se naslanjala na politiku bo\u0161nja\u010dkog naroda\u201d.<\/p>\n\n\n\n<p>Stevandi\u0107 smatra da je Inzkovo skretanje pa\u017enje na murale ranim zlo\u010dincima \u201cbavljenje nebitnim stvarima\u201d, te da murali nisu dio zvani\u010dne politike, ve\u0107 volje i percepcije javnosti u RS-u.<\/p>\n\n\n\n<p>&#8220;<strong>Za\u0161to nije i\u0161ao u Banjaluku, gdje ima najvi\u0161e Mladi\u0107evih murala, nego je i\u0161ao u Fo\u010du<\/strong>. Ali ti murali nisu nacrtani od strane na\u010delnika tih op\u0161tina, ve\u0107 voljom pojedinaca. Istovremeno u Federaciji imamo ulice nazvane po naci ideolozima iz raznih perioda, na koje Inzko nikada nije reagovao. Ovdje se radi o percepciji gra\u0111ana&#8221;, kazao je on, dodav\u0161i da visoki predstavnik nikada nije otvoreno razgovarao s predstavnicima svih naroda da poku\u0161a rije\u0161iti probleme.<\/p>\n\n\n\n<p>Valentin<strong>&nbsp;Inzko se nedavno osvrnuo na mural Ratku Mladi\u0107u u Fo\u010di, izra\u017eavaju\u0107i zabrinutost<\/strong>&nbsp;\u0161to porodice \u017ertava u Bosni i Hercegovini to ocjenjuju kao \u201czaka\u0161njelu reakciju\u201d. Mladi\u0107 je pred Mehanizmom za me\u0111unarodne krivi\u010dne sudove (MMKS) pravosna\u017eno osu\u0111en na do\u017eivotnu kaznu zatvora zbog genocida u Srebrenici i drugih zlo\u010dina po\u010dinjenih u BiH.<\/p>\n\n\n\n<p>\u201cOdlu\u010dio sam da \u0107u li\u010dno obi\u0107i sve lokacije u Bosni i Hercegovini na kojima se nalaze murali posve\u0107eni njemu. I Kalinovik, i Nevesinje, i Bosansku Gradi\u0161ku, i Gacko, pa i ovaj posljednji u Fo\u010di. Namjeravao sam, nakon izricanja pravomo\u0107ne presude, poslati pismo op\u0107inskim na\u010delnicima sa zahtjevom da nalo\u017ee uklanjanje provokativnih murala\u201d, rekao je visoki predstavnik u BiH Valentin Inzko ranije u saop\u0107enju.<\/p>\n\n\n\n<p><strong>Bakira Hase\u010di\u0107<\/strong>, predsjednica Udru\u017eenja \u201c\u017dena \u017ertva rata\u201d, smatra da je Inzkov obilazak gradova u RS-u, gdje se nalaze brojni murali ratnim zlo\u010dincima, odavno zakasnio i da je to trebao uraditi na po\u010detku mandata.<\/p>\n\n\n\n<p>\u201cTo je samo pokazatelj da Inzko nije radio svoj posao na terenu, niti je slu\u0161ao vapaje \u017ertava i njihovih porodica, koje po Vi\u0161egradu i drugim gradovima redovno susre\u0107u ubice svoje djece koje hodaju neka\u017enjeno. Nije uradio mnogo toga, a mogao je puno! Ukoliko do kraja mandata barem ne nametne zakon o negiranju genocida, nikad mu oprostiti ne\u0107emo\u201d, poru\u010dila je u razgovoru Hase\u010di\u0107.<\/p>\n\n\n\n<p>S druge strane, kad je rije\u010d o nametanju zakona o zabrani negiranja genocida, Stevandi\u0107 smatra da bi to izazvalo nove tenzije i sukobe.<\/p>\n\n\n\n<p>&#8220;U su\u0161tini, kada visoki predstavnici ne rade, mi se najbolje dogovorimo jer na to budemo prisiljeni situacijom. Koliko god krvava pro\u0161lost bila, nije razlog da nemamo svjetliju budu\u0107nost. A isti taj Inzko nikad nije po\u0161tovao volju srpskog naroda u RS-u, gdje se uglavnom za medije slikao s politi\u010darima koji su na izborima bili statisti\u010dka gre\u0161ka&#8221;, kazao je Stevandi\u0107 za\u00a0<em>BIRN BiH<\/em>.<\/p>\n\n\n\n<p><strong>Dobra strana Inzkovog mandata<\/strong><\/p>\n\n\n\n<p>Inzkov mandat obilje\u017eile su i neke dobre stvari kada je u pitanju za\u0161tita \u017ertava u BiH, rekla je u razgovoru za BIRN BiH Bakira Hase\u010di\u0107.<\/p>\n\n\n\n<p>\u201c<strong>Da nije bilo Inzka, strati\u0161te \u2018\u017eiva loma\u010da\u2019 u Vi\u0161egradu bi do sada bilo sru\u0161eno<\/strong>. Na na\u0161e zahtjeve i njegovo insistiranje te pisanje Vije\u0107u za implementaciju mira u BiH, te njegovim odlukama, to mjesto u Vi\u0161egradu i dalje svjedo\u010di o u\u017easnim zlo\u010dinima nad Bo\u0161njacima\u201d, kazala je Hase\u010di\u0107.<\/p>\n\n\n\n<p>Genjac je mi\u0161ljenja da je Inzko radio u ote\u017eanim uslovima, te da ima vremena da sa\u010duva ljudski i politi\u010dki integritet, a za to su mu potrebne dvije stvari.<\/p>\n\n\n\n<p>\u201cDo kraja mandata treba nametnuti zakon o zabrani negiranja genocida i poni\u0161titi odluku o odlikovanju ratnih zlo\u010dinaca od strane RS-a. Niko mu za to ni\u0161ta ne mo\u017ee prigovoriti, a oti\u0161ao bi sa stilom i dostojanstveno\u201d, smatra Genjac.<\/p>\n\n\n\n<p><strong>Advokatica Nina Kisi\u0107<\/strong>, koja je svojevremeno radila i na poslovima pravnog savjetnika u Uredu visokog predstavnika (OHR), mi\u0161ljenja je da je BiH ostvarila najslabiji napredak za vrijeme mandata upravo Valentina Inzka, u pore\u0111enju s njegovim prethodnicima. Kao jednu od najve\u0107ih gre\u0161aka njegovog rada, Kisi\u0107 vidi Strategiju o procesuiranju ratnih zlo\u010dina u BiH.<\/p>\n\n\n\n<p>\u201cTu je morao mnogo vi\u0161e uraditi kako bi ta strategija bila efikasnija. Trebao je insistirati na procesuiranju zlo\u010dina po doga\u0111aju, a ne po po\u010dinitelju, kao \u0161to sada imamo slu\u010daj u Strategiji, \u0161to vodi do cijepanja predmeta i odugovla\u010denja ionako dugih procesa. Inzko je, po meni, tu zakazao\u201d, smatra Kisi\u0107, koja kao zamjerku vidi i to \u0161to jo\u0161 uvijek nije naredio oduzimanje odlikovanja presu\u0111enim ratnim zlo\u010dincima koja im je dala Vlada RS-a.<\/p>\n\n\n\n<p>Inzko je&nbsp;<strong>vlastima Republike Srpske po\u010detkom februara ove godine dao rok od tri mjeseca da poni\u0161te priznanja<\/strong>&nbsp;koja su dali Radovanu Karad\u017ei\u0107u i drugim osobama osu\u0111enim za ratne zlo\u010dine.<\/p>\n\n\n\n<p>U decembru pro\u0161le godine,&nbsp;<strong>na Inzkov zahtjev je sa studentskog doma na Palama uklonjena tabla sa imenom Radovana Karad\u017ei\u0107a<\/strong>, pravosna\u017eno osu\u0111enog na do\u017eivotnu kaznu zatvora zbog genocida u Srebrenici i drugih zlo\u010dina po\u010dinjenih u BiH. Tabla je uklonjena nakon \u0161to je njegova k\u0107erka Sonja Karad\u017ei\u0107-Jovi\u010devi\u0107 rekla da ona treba da bude skinuta.<\/p>\n\n\n\n<p>U odgovoru na raniji upit BIRN-a BiH da li \u0107e Inzko, kao \u0161to je i najavio, do kraja mandata nametnuti zakon o negiranju genocida, navedeno je da \u201cvisoki predstavnik nikada ne spekulira sa svojim budu\u0107im objavama\u201d.<\/p>\n","protected":false},"excerpt":{"rendered":"<p>Zalagat \u0107u se da se u Parlamentu BiH donese zakon o negiranju genocida. Idu\u0107e godine \u0107emo sigurno imati takav zakon\u201d, izjava je koju je medijima dao visoki predstavnik Valentin Inzko prilikom obilje\u017eavanja 24. godi\u0161njice genocida u Srebrenici. Dvije godine kasnije, dva dana do obilje\u017eavanja 26. godi\u0161njice, ovaj zakon nije usvojen pred Dr\u017eavnim parlamentom, a \u017ertve [&hellip;]<\/p>\n","protected":false},"author":59,"featured_media":32431,"comment_status":"open","ping_status":"closed","sticky":false,"template":"","format":"standard","meta":{"inline_featured_image":false,"footnotes":""},"categories":[234],"tags":[],"class_list":{"0":"post-32430","1":"post","2":"type-post","3":"status-publish","4":"format-standard","5":"has-post-thumbnail","7":"category-politika"},"acf":[],"_links":{"self":[{"href":"https:\/\/tvsensor.com\/api\/wp\/v2\/posts\/32430","targetHints":{"allow":["GET"]}}],"collection":[{"href":"https:\/\/tvsensor.com\/api\/wp\/v2\/posts"}],"about":[{"href":"https:\/\/tvsensor.com\/api\/wp\/v2\/types\/post"}],"author":[{"embeddable":true,"href":"https:\/\/tvsensor.com\/api\/wp\/v2\/users\/59"}],"replies":[{"embeddable":true,"href":"https:\/\/tvsensor.com\/api\/wp\/v2\/comments?post=32430"}],"version-history":[{"count":1,"href":"https:\/\/tvsensor.com\/api\/wp\/v2\/posts\/32430\/revisions"}],"predecessor-version":[{"id":32432,"href":"https:\/\/tvsensor.com\/api\/wp\/v2\/posts\/32430\/revisions\/32432"}],"wp:featuredmedia":[{"embeddable":true,"href":"https:\/\/tvsensor.com\/api\/wp\/v2\/media\/32431"}],"wp:attachment":[{"href":"https:\/\/tvsensor.com\/api\/wp\/v2\/media?parent=32430"}],"wp:term":[{"taxonomy":"category","embeddable":true,"href":"https:\/\/tvsensor.com\/api\/wp\/v2\/categories?post=32430"},{"taxonomy":"post_tag","embeddable":true,"href":"https:\/\/tvsensor.com\/api\/wp\/v2\/tags?post=32430"}],"curies":[{"name":"wp","href":"https:\/\/api.w.org\/{rel}","templated":true}]}}